{"id":5592,"date":"2020-07-04T14:29:46","date_gmt":"2020-07-04T14:29:46","guid":{"rendered":"http:\/\/dig-stuttgart.de\/info\/?p=5592"},"modified":"2020-06-27T19:20:59","modified_gmt":"2020-06-27T19:20:59","slug":"rencontres-musicales-arcachon-2013","status":"publish","type":"post","link":"https:\/\/dig-stuttgart.de\/info\/2020\/07\/04\/rencontres-musicales-arcachon-2013\/","title":{"rendered":"Rencontres Musicales Arcachon 2013"},"content":{"rendered":"<p>Intemp\u00e9ries landaises et bilan de premiers jours de d\u00e9confinement pour les commer\u00e7ants biscarrossais ouverts. Suggestions et propositions..  Ce 4 m\u00e2ts-go\u00e9lette est d\u00e9di\u00e9 au tourisme culturel et embarque 50 passagers dans des cabines nouvellement am\u00e9nag\u00e9es au standard du stage-croisi\u00e8re.-artillerie du Roy, duels descrime, initiation \u00e0 lescrime, sayn\u00e8tes, parade de fifres et tambours et \u00e9choppes dartisans. Afficher laide pour Date de cl\u00f4ture de lexercice social 09.11.2007-France-35 Bruz-Parc des Expositions de Rennes  Profitez de tous les articles du site en illimit\u00e9&#8230;&#8230;&#8230;&#8230;&#8230;&#8230;&#8230;&#8230;&#8230;&#8230;&#8230;&#8230;&#8230;&#8230;&#8230;&#8230;&#8230;&#8230;&#8230; 501, Avenue Gustave Eiffel, 33260 La Teste de Buch-05 56 22 40 72  <img decoding=\"async\" src=\"http:\/\/www.caruso33.net\/EVTS\/LEOGNAN\/2015-rencontres-graves.jpg\" alt=\"rencontres musicales arcachon 2013\" align=\"left\"> Artiste \u00e9clectique, elle a constitu\u00e9 un quatuor de contrebasses, S grave, fait partie dun ensemble baroque Pasticcio Barocco avec notamment David Walter 3 cd enregistr\u00e9s par le label H\u00e9risson, sera soliste de l Orchestre des Si\u00e8cles pendant 4 ans sur instruments depoque, puis soliste du Paris Mozart Orchestra dir. Claire Gibaut avec lequel elle sinvestira dans des activit\u00e9s de sensibilisation aupr\u00e8s des jeunes publics, soutenues par la Philharmonie de Paris. En parallele, apres avoir obtenu tr\u00e8s jeune le DE puis le CA, elle a enseign\u00e9 pendant 13 ans au CRR de Cergy Pontoise et particip\u00e9 \u00e0 de nombreux stages et acad\u00e9mies. Colloque sur les transitions \u00e9nerg\u00e9tiques 26 et 27 novembre 2015 \u00e0 Nogent-sur-Marne. Ce colloque est un \u00e9v\u00e9nement bi-annuel qui sera loccasion de faire le point sur les diff\u00e9rentes th\u00e9matiques du GdR Stic Sant\u00e9 avec un panel dinvit\u00e9s travaillant dans le domaine de ling\u00e9nierie pour la sant\u00e9, de pr\u00e9senter des LabEx travaillant dans ce domaine et daborder la question de linter disciplinarit\u00e9. Il permettra \u00e9galement de pr\u00e9senter le projet de renouvellement du GdR STIC Sant\u00e9, pilot\u00e9 par Mr. Guy Carrault pour la p\u00e9riode 2015-2018. Interview de Philippe Cruette, directeur g\u00e9n\u00e9ral adjoint du Groupe Bordeaux Nord-Aquitaine. Il g\u00e8re la clinique dArcachon qui, en ce d\u00e9confinement, sest r\u00e9organis\u00e9e. Questionsr\u00e9ponses avec la r\u00e9daction dFGL. Trouvez les \u00e9ditions 2017, 2016, 2015, 2014, 2013 du festival Les Escapades Musicales 30.06.2010-France-35 Rennes-Esplanade du Gal de Gaulle-40 000 personnes-Avec BB Brunes, Yannick Noah, Agnes, Ocean Drive, Pony Pony Run Run, Stromae et Laurent Wolf-Hit West <img decoding=\"async\" src=\"http:\/\/ersatz.me\/files\/2013\/07\/M-2-940x626.jpg\" alt=\"rencontres musicales arcachon 2013\" align=\"left\"> Inscriptions aux Accueils de loisirs pour l\u00e9t\u00e9 2020 Les inscriptions aux Accueils de loisirs sans h\u00e9bergement de Gujan-Mestras pour l\u00e9t\u00e9 2020 d\u00e9buteront le lundi 8 juin. Au vu de la situation actuelle, les inscriptions via lEspace famille seront privil\u00e9gi\u00e9es se munir de ses codes dacc\u00e8s. Les \u00e9changes de documents se feront In this talk, I will outline two typical problems currently examined by Irish fluids researchers: one from the fundamental fluid dynamics and another, on the applied side Tous les amoureux du vin, de la gastronomie, de la f\u00eate et de la culture sont convi\u00e9s \u00e0 partager des moments de liesse et de festivit\u00e9 le long des quais de Garonne : un programme exceptionnel permettant \u00e0 tous de d\u00e9couvrir la beaut\u00e9 architecturale de la ville, sa richesse culturelle, les vignobles qui lentourent et les multiples atouts du terroir r\u00e9gional. La Bambino Party, cest le rendez-vous des petits et des grands sur l\u00cele aux enfants \u00e0 Hourtin-Port. Le temps dun week-end, plus dune trentaine danimations vous seront r\u00e9serv\u00e9es. Ch\u00e2teaux gonflables, tir \u00e0 larc, espace ludique pour les tout petits, p\u00e9dalos, sports collectif, maquillage et ateliers cr\u00e9atifs vous attendent. Forum Physique Entrepreneuriat cr\u00e9ation de valeur 4 novembre 2015 au minist\u00e8re de lEnseignement sup\u00e9rieur et de la Recherche Par linterm\u00e9diaire de Jean Yves Dupas, qui est au clavier, Bahia nous propose une belle soir\u00e9e musicale pour la moiti\u00e9 de Les Communaut\u00e9s de Communes du Vallon dArtolie et du R\u00e9olais ont initi\u00e9 une d\u00e9marche inter territoriale d\u00e9ducation artistique et culturelle autour de l\u00e9l\u00e9ment paysager qui les rassemble, le fleuve. Ce parcours co-construit avec les partenaires institutionnels et culturels sintitule Au fil de leau et concerne 10 classes de cycle 1 et 10 classes de cycle 3 de la circonscription de la R\u00e9ole. Pour cet anniversaire, le Festival Bordeaux Rock, propose de belles affiches, des surprises, et plusieurs nouveaut\u00e9s \u00e0 d\u00e9couvrir du 21 au 26 janvier. 10 ans, 10 lieux, 30 concerts, 3 t\u00eates daffiches internationales, 3 t\u00eates daffiches nationales et bien s\u00fbr 24 groupes bordelais nouveaux et historiques, une soir\u00e9e cin\u00e9ma \u00e0 lUtopia et une exposition photo. Six jours de f\u00eate pour c\u00e9l\u00e9brer le rendez-vous hivernal des musiques ind\u00e9pendantes et alternatives \u00e0 Bordeaux. <img decoding=\"async\" src=\"http:\/\/cristal-musique.com\/wp-content\/uploads\/2014\/01\/article-depeche-oreille-absolue-alice.jpg\" alt=\"rencontres musicales arcachon 2013\" align=\"right\">.<\/p>\n","protected":false},"excerpt":{"rendered":"<p>rencontres musicales arcachon 2013<\/p>\n","protected":false},"author":1,"featured_media":0,"comment_status":"closed","ping_status":"closed","sticky":false,"template":"","format":"standard","meta":{"footnotes":""},"categories":[1],"tags":[],"_links":{"self":[{"href":"https:\/\/dig-stuttgart.de\/info\/wp-json\/wp\/v2\/posts\/5592"}],"collection":[{"href":"https:\/\/dig-stuttgart.de\/info\/wp-json\/wp\/v2\/posts"}],"about":[{"href":"https:\/\/dig-stuttgart.de\/info\/wp-json\/wp\/v2\/types\/post"}],"author":[{"embeddable":true,"href":"https:\/\/dig-stuttgart.de\/info\/wp-json\/wp\/v2\/users\/1"}],"replies":[{"embeddable":true,"href":"https:\/\/dig-stuttgart.de\/info\/wp-json\/wp\/v2\/comments?post=5592"}],"version-history":[{"count":1,"href":"https:\/\/dig-stuttgart.de\/info\/wp-json\/wp\/v2\/posts\/5592\/revisions"}],"predecessor-version":[{"id":5593,"href":"https:\/\/dig-stuttgart.de\/info\/wp-json\/wp\/v2\/posts\/5592\/revisions\/5593"}],"wp:attachment":[{"href":"https:\/\/dig-stuttgart.de\/info\/wp-json\/wp\/v2\/media?parent=5592"}],"wp:term":[{"taxonomy":"category","embeddable":true,"href":"https:\/\/dig-stuttgart.de\/info\/wp-json\/wp\/v2\/categories?post=5592"},{"taxonomy":"post_tag","embeddable":true,"href":"https:\/\/dig-stuttgart.de\/info\/wp-json\/wp\/v2\/tags?post=5592"}],"curies":[{"name":"wp","href":"https:\/\/api.w.org\/{rel}","templated":true}]}}