{"id":5616,"date":"2020-07-04T09:14:47","date_gmt":"2020-07-04T09:14:47","guid":{"rendered":"http:\/\/dig-stuttgart.de\/info\/?p=5616"},"modified":"2020-06-27T19:32:57","modified_gmt":"2020-06-27T19:32:57","slug":"rencontre-culture-education","status":"publish","type":"post","link":"https:\/\/dig-stuttgart.de\/info\/2020\/07\/04\/rencontre-culture-education\/","title":{"rendered":"Rencontre Culture \u00c9ducation"},"content":{"rendered":"<p>Ce web \u00e9v\u00e9nement organis\u00e9 en pr\u00e9sence de Pascal CHOQUET, Directeur du Campus NEOMA de Reims, de Jacques-Emmanuel DAUGE, Inspecteur Acad\u00e9mique du Grand-Est, des partenaires, des 30 lyc\u00e9ens qui ont \u00e9t\u00e9 accompagn\u00e9s tout au long de lann\u00e9e et de lensemble des tuteurs du p\u00f4le terminales de lassociation Pr\u00e9paR\u00e9mois, a permis de cl\u00f4turer une belle aventure au sein des Cord\u00e9es de la R\u00e9ussite qui a dur\u00e9 pour certains pr\u00e8s de 4 ans. Que sont les Cord\u00e9es de la R\u00e9ussite? L\u00e9ducation artistique et culturelle ne doit plus \u00eatre le passager clandestin des politiques publiques de la culture Pour rappel, en cas dimmobilisation sur une voie ferr\u00e9e, il faut d\u00e9gager votre v\u00e9hicule en enfon\u00e7ant la barri\u00e8re Heureusement le Pr\u00e9sident Kais Saied re\u00e7oit les citoyens ind\u00e9pendamment de leur sensibilit\u00e9s politiques ce qui montre sa capacit\u00e9 d\u00e9coute. Des militants progressistes comme Monsieur Naccache peuvent apporter des id\u00e9es de progr\u00e8s et t\u00e9moigner sur une \u00e9poque ou le pays commen\u00e7ait \u00e0 peine \u00e0 \u00e9merger du r\u00e9gime colonial.. 2016 : Pr\u00e9sentation de la Charte de l\u00e9ducation artistique et culturelle \u00e0 Avignon par le HCEAC.  De nouvelles pratiques artistiques collectives seront mises en place, notamment avec la cr\u00e9ation de lop\u00e9ration l\u00c9cole en ch\u0153ur. Autres initiatives envisag\u00e9es : le soutien des exp\u00e9riences dorchestres \u00e0 l\u00e9cole en lien avec les conservatoires volontaires, et le d\u00e9veloppement des dispositifs de pratiques sc\u00e9niques et dimprovisation. Cite De Rencontre Gratuit En France Tous Les Site De Rencontr Sexe Adulte Porno Et Sexy Vraiment Une Petite Salope, <img decoding=\"async\" src=\"http:\/\/www.club-innovation-culture.fr\/wp-content\/uploads\/24a540b79e4338942a602703a45c3cc7d8d5da471.jpg\" alt=\"rencontre culture \u00e9ducation\" align=\"center\"> d\u00e9velopper et renforcer leur pratique artistique <img decoding=\"async\" src=\"http:\/\/reseau-reves.org\/wp-content\/uploads\/2016\/10\/annonce_27_avril3.jpg\" alt=\"rencontre culture \u00e9ducation\" align=\"left\"> Notons \u00e9galement que deux de nos \u00e9coles fran\u00e7aises ont fait leur entr\u00e9e dans le classement des meilleurs Executive Education customised programmes 2020 qui ne sont autre que 70 e et 77 e. Pour lann\u00e9e 2019, lInspection g\u00e9n\u00e9rale de la police nationale IGPN enregistre une hausse des enqu\u00eates judiciaires et une l\u00e9g\u00e8re baisse des enqu\u00eates administratives. Les \u00e9quipements culturels de la Ville sassocient depuis plusieurs ann\u00e9es pour proposer aux \u00e9l\u00e8ves des \u00e9coles \u00e9l\u00e9mentaires des parcours culturels permettant de visiter deux lieux culturels de la Ville le m\u00eame jour autour dune th\u00e9matique commune. Cette ann\u00e9e, 9 parcours sont propos\u00e9s, de janvier \u00e0 juin 2020, aux classes de Saint-Denis. Dimanche 17 mai \u00e0 20h : La bande originale de Berlin Les brasseurs de la r\u00e9gion sy donnent rendez-vous chaque quatri\u00e8me week-end de septembre. Ev\u00e9nement Musicora atelier conf\u00e9rence propos\u00e9 par FUSE Cest un choc pour l\u00e9quipe, qui avait d\u00e9j\u00e0 pr\u00e9par\u00e9 la f\u00eate du 30e anniversaire, le festival Le Ptit Monde Environ 70 spectacles ont \u00e9t\u00e9 annul\u00e9s. Une catastrophe pour nos amis artistes et techniciens du spectacle vivant, explique le centre culturel. Sur l\u00e9ducation populaire, oui, il est int\u00e9ressant de souhaiter que les associations locales soient associ\u00e9es aux projets de territoire, mais il convient quau niveau national des associations d\u00e9ducation populaire nationales qui ont fait leurs preuves dans la recherche, la formation et linnovation Association nationale de recherche et daction th\u00e9\u00e2trale ANRAT, lAssociation des rencontres internationales artistiques ARIA ne connaissent pas parall\u00e8lement une progressive diminution des cr\u00e9dits que leur accordait le minist\u00e8re de lEducation nationale.  La charte pour l\u00e9ducation artistique et culturelle  directeur r\u00e9gional des Affaires culturelles de Bretagne. Nationale et de la Jeunesse, de lEnseignement sup\u00e9rieur, de la Recherche et de lInnovation, et de la Culture. Il sest ensuite rendu zone des Dunes en milieu dapr\u00e8s-midi pour rencontrer les forces de lordre qui lui ont expliqu\u00e9 leur travail, de jour comme de nuit. Le secr\u00e9taire d\u00c9tat leur a assur\u00e9 de son soutien mais na fait aucune annonce. Requ\u00eate la plus fr\u00e9quente dans le dictionnaire anglais : <img decoding=\"async\" src=\"http:\/\/fr.1001mags.com\/images\/Couv\/M\/Maze\/52213-Maze-67-Couverture-4.jpg\" alt=\"rencontre culture \u00e9ducation\" align=\"right\"> Recherchez des traductions de mots et de phrases dans des dictionnaires bilingues, fiables et exhaustifs et parcourez des milliards de traductions en ligne.<\/p>\n","protected":false},"excerpt":{"rendered":"<p>rencontre culture \u00e9ducation<\/p>\n","protected":false},"author":1,"featured_media":0,"comment_status":"closed","ping_status":"closed","sticky":false,"template":"","format":"standard","meta":{"footnotes":""},"categories":[1],"tags":[],"_links":{"self":[{"href":"https:\/\/dig-stuttgart.de\/info\/wp-json\/wp\/v2\/posts\/5616"}],"collection":[{"href":"https:\/\/dig-stuttgart.de\/info\/wp-json\/wp\/v2\/posts"}],"about":[{"href":"https:\/\/dig-stuttgart.de\/info\/wp-json\/wp\/v2\/types\/post"}],"author":[{"embeddable":true,"href":"https:\/\/dig-stuttgart.de\/info\/wp-json\/wp\/v2\/users\/1"}],"replies":[{"embeddable":true,"href":"https:\/\/dig-stuttgart.de\/info\/wp-json\/wp\/v2\/comments?post=5616"}],"version-history":[{"count":1,"href":"https:\/\/dig-stuttgart.de\/info\/wp-json\/wp\/v2\/posts\/5616\/revisions"}],"predecessor-version":[{"id":5617,"href":"https:\/\/dig-stuttgart.de\/info\/wp-json\/wp\/v2\/posts\/5616\/revisions\/5617"}],"wp:attachment":[{"href":"https:\/\/dig-stuttgart.de\/info\/wp-json\/wp\/v2\/media?parent=5616"}],"wp:term":[{"taxonomy":"category","embeddable":true,"href":"https:\/\/dig-stuttgart.de\/info\/wp-json\/wp\/v2\/categories?post=5616"},{"taxonomy":"post_tag","embeddable":true,"href":"https:\/\/dig-stuttgart.de\/info\/wp-json\/wp\/v2\/tags?post=5616"}],"curies":[{"name":"wp","href":"https:\/\/api.w.org\/{rel}","templated":true}]}}