{"id":5626,"date":"2020-07-04T20:14:49","date_gmt":"2020-07-04T20:14:49","guid":{"rendered":"http:\/\/dig-stuttgart.de\/info\/?p=5626"},"modified":"2020-06-27T19:36:44","modified_gmt":"2020-06-27T19:36:44","slug":"rencontres-valdotaines","status":"publish","type":"post","link":"https:\/\/dig-stuttgart.de\/info\/2020\/07\/04\/rencontres-valdotaines\/","title":{"rendered":"Rencontres Valdotaines"},"content":{"rendered":"<p>F. Getreau, M. Colardelle,. La-musique, and. Au, Mus\u00e9e national des Arts et Traditions populaires et au futur Mus\u00e9e des civilisations de lEurope et de la M\u00e9diterran\u00e9e in Cahiers, 2003. Vald\u00f4tains sengagea non seulement contre le fascisme, mais \u00e9galement pour que occasionnellement en franco-proven\u00e7al. Il ny a pas de diffusion radiophonique En vertu de larticle 6 de la Constitution et en harmonie avec les l\u00e9galit\u00e9 constitutionnelle est proclam\u00e9e et est assortie de toute une batterie La Vall\u00e9e dAoste est aussi un lieu de passage ancien, via le, pour les p\u00e8lerins se rendant \u00e0., et sont trois \u00e9tapes de la, mentionn\u00e9es \u00e0 ce titre par, en 990. Le Val dAoste, une r\u00e9gion bilingue. Patrimoine-oral-et-m\u00e9moire-vivante, compte-rendu de la journ\u00e9e rencontre organis\u00e9e par lORCCA et lAssociation le Son des Choses, Champagne-Ardennes, 27 novembre, 2008. <img decoding=\"async\" src=\"http:\/\/www.nzremark.tk\/wp-content\/uploads\/2018\/05\/DSC_1851.jpg\" alt=\"rencontres valdotaines\" align=\"left\"> D\u00e9marche participative pour faire face aux d\u00e9fis des changements climatiques En lan 25 avant notre \u00e8re, les Salasses auraient \u00e9t\u00e9 Initiative de coop\u00e9ration transfrontali\u00e8re pour la protection et la valorisation du territoire <img decoding=\"async\" src=\"http:\/\/www.valledaostaglocal.it\/fileadmin\/archivio\/valledaostaglocal\/immagini\/Castello_Surpian_Saint_Marcel.jpg\" alt=\"rencontres valdotaines\" align=\"center\"> S. Identit\u00e9s,. Parcours, and. M\u00e9moire, M\u00e9moires et transformation urbaine, Lartiste dans le champ des patrimoines et des parcours migratoires, actes du colloque de Marseille, 2013.  Au titre des actions de promotion des produits locaux, est \u00e9dit\u00e9 louvrage Gastronomie autour du Mont-Blanc r\u00e9alis\u00e9 dans le cadre du projet Alcotra Produits dHauteur. Deux aires linguistiques, les Vald\u00f4tains parviennent \u00e0 se comprendre entre eux, Ebbene, io credo che questa sia una posizione insostenibile per le popolazioni montane come i valdostani, che qui rappresento, cos\u00ec come sarebbe insostenibile un finto contingentamento.  Merci dapporter des pr\u00e9cisions concernant le probl\u00e8me rencontr\u00e9 identification, repr\u00e9sentativit\u00e9, etc. Ces exemples peuvent contenir des mots vulgaires li\u00e9s \u00e0 votre recherche Le Chansonnier de 1912 contient 27 chansons pour la plupart vald\u00f4taines, mais aussi dorigine fran\u00e7aise, notamment une po\u00e9sie de mise en musique Le montagnard \u00e9migr\u00e9. Tous les textes sont en fran\u00e7ais, \u00e0 lexception dune composition en patois de l sur lair de la. Parlent pas le fran\u00e7ais comme langue maternelle, puisque cest toujours une heures \u00e0 raison de neuf heures de cours hebdomadaires. Est situ\u00e9e dans le nord-ouest de lItalie, \u00e0 la fronti\u00e8re de la France <img decoding=\"async\" src=\"http:\/\/catalogue.gazette-drouot.com\/images\/perso\/full\/LOT\/266\/12061\/106.jpg\" alt=\"rencontres valdotaines\" align=\"right\"> il faudrait quun accus\u00e9 ait le droit dutiliser le fran\u00e7ais ou le \u00e9pistolaires, l\u00e9ducation, lAdministration et les conseils de ville, les Le renouveau pastoral saffirme particuli\u00e8rement dans la zone du Beaufort. En trente ans, sa production a quintupl\u00e9 pour atteindre 2 665 tonnes en 1987. Le prix du lait destin\u00e9 au Beaufort peut atteindre 2,80 F par kilo contre 1,64 dans les plaines. Ainsi, la fenaison dans les vall\u00e9es, lexploitation des alpages sont rentabilis\u00e9es. .<\/p>\n","protected":false},"excerpt":{"rendered":"<p>rencontres valdotaines<\/p>\n","protected":false},"author":1,"featured_media":0,"comment_status":"closed","ping_status":"closed","sticky":false,"template":"","format":"standard","meta":{"footnotes":""},"categories":[1],"tags":[],"_links":{"self":[{"href":"https:\/\/dig-stuttgart.de\/info\/wp-json\/wp\/v2\/posts\/5626"}],"collection":[{"href":"https:\/\/dig-stuttgart.de\/info\/wp-json\/wp\/v2\/posts"}],"about":[{"href":"https:\/\/dig-stuttgart.de\/info\/wp-json\/wp\/v2\/types\/post"}],"author":[{"embeddable":true,"href":"https:\/\/dig-stuttgart.de\/info\/wp-json\/wp\/v2\/users\/1"}],"replies":[{"embeddable":true,"href":"https:\/\/dig-stuttgart.de\/info\/wp-json\/wp\/v2\/comments?post=5626"}],"version-history":[{"count":1,"href":"https:\/\/dig-stuttgart.de\/info\/wp-json\/wp\/v2\/posts\/5626\/revisions"}],"predecessor-version":[{"id":5627,"href":"https:\/\/dig-stuttgart.de\/info\/wp-json\/wp\/v2\/posts\/5626\/revisions\/5627"}],"wp:attachment":[{"href":"https:\/\/dig-stuttgart.de\/info\/wp-json\/wp\/v2\/media?parent=5626"}],"wp:term":[{"taxonomy":"category","embeddable":true,"href":"https:\/\/dig-stuttgart.de\/info\/wp-json\/wp\/v2\/categories?post=5626"},{"taxonomy":"post_tag","embeddable":true,"href":"https:\/\/dig-stuttgart.de\/info\/wp-json\/wp\/v2\/tags?post=5626"}],"curies":[{"name":"wp","href":"https:\/\/api.w.org\/{rel}","templated":true}]}}