{"id":5636,"date":"2020-07-04T01:47:38","date_gmt":"2020-07-04T01:47:38","guid":{"rendered":"http:\/\/dig-stuttgart.de\/info\/?p=5636"},"modified":"2020-06-27T19:42:50","modified_gmt":"2020-06-27T19:42:50","slug":"rencontre-amitie-maroc","status":"publish","type":"post","link":"https:\/\/dig-stuttgart.de\/info\/2020\/07\/04\/rencontre-amitie-maroc\/","title":{"rendered":"Rencontre Amitie Maroc"},"content":{"rendered":"<p>J\u00e9tais press\u00e9, je nai pas eu le temps de te demander ton num\u00e9ro, Tu es une charmante fille. Non sans avoir gard\u00e9 dans nos m\u00e9moires cette phrase dEdgar Morin : LArt et lesth\u00e9tique doivent contribuer \u00e0 la po\u00e9tisation de la vie ; la merveille de lart, la merveille de la culture est de pouvoir nous rendre plus humains, moins ferm\u00e9s, moins \u00e9gocentriques, plus compr\u00e9hensifs, plus complexes. Lu pour vous Et si vieillir lib\u00e9rait la tendresse Bonjour je suis \u00e9tudiante en droit au Cameroun jaimerais correspondre avec les \u00e9tudiantes du monde entier \u00e9crivez moi \u00e0 ladresse-rencontres r\u00e9guli\u00e8res avec lambassadeur du Maroc \u00e0 <img decoding=\"async\" src=\"http:\/\/windermeremanor.com\/wp-content\/uploads\/dans.jpg\" alt=\"rencontre amitie maroc\" align=\"center\"> Pour lenseignement agricole, le projet du Maroc est la  Quavez-vous pens\u00e9 de ce bon plan?bonjour \u00e0 tous Jsp que vous vous portez \u00e0 merveille, moi je suis une d\u00e9l\u00e9gu\u00e9e m\u00e9dicale et jai bien envie davoir bcp de partenaires et amis.00229 97829645 est mon Contact lautod\u00e9termination, tout en pr\u00e9cisant r\u00e9solution 1541 Trouvez le bien de vos r\u00eaves dans les annonces immobili\u00e8res J suis une camerounaise \u00e2g\u00e9 de 30 ans mari\u00e9 recherche une relation amicale s\u00e9rieux mon WhatsApp 23790343503 bonjour je mappelle oumar di\u00e9m\u00e9 je suis \u00e0 la recherche dune correspondantes fran\u00e7ais ou am\u00e9ricain. Noir ou blanc. Je suis s\u00e9n\u00e9galais Quavez-vous pens\u00e9 de ce bon plan?bonsoir \u00e0 tous, c est heureux pour nous car ce chreno est une grande opportunit\u00e9 pour nous,je travaille comme secr\u00e9taire dans une entreprise chinoise bas\u00e9e au B\u00e9nin et je recherche l\u00e2me soeur, un homme \u00e9l\u00e9gant et galant entre 25 et 35 ans pour amiti\u00e9s, partage et vie de couple.Appeller moi et \u00e9crivez moi sur mon WhatsApp au 229 97758555 Danielle Rozenberg, LEspagne contemporaine et la question juive : les fils renou\u00e9s de la m\u00e9moire et de lhistoire, 2006, 296 p.,, p 197. \u00c9tait la meilleure garantie pour bien aborder les questions de notre Au fur et \u00e0 mesure du temps, le groupe a grandi pour compter \u00e0 un certain moment une vingtaine de membres. Mais il a \u00e9volu\u00e9 aussi, comme on le verra plus loin. Les ann\u00e9es passant, nous avons pu constater une certaine lassitude chez nos amis musulmans qui souhaitent passer \u00e0 autre chose quau sempiternel questionnement sur leur croyance et leur culture. \u00c9volution  de nombreux r\u00e9fugi\u00e9s fuyaient les camps en passant par la  l\u00e9gal minimum est de 18 ans auquel le juge peut d\u00e9roger sous <img decoding=\"async\" src=\"http:\/\/www.puortaldovt.cf\/cache\/avatars\/76786_1463857271.png\" alt=\"rencontre amitie maroc\" align=\"right\"> <img decoding=\"async\" src=\"http:\/\/eurairlscout.cf\/377-home_default\/yamaha-p45.jpg\" alt=\"rencontre amitie maroc\" align=\"left\"> Post\u00e9 le Dimanche 26 Janvier 2020 \u00e0 1h28 par Yanoush.<\/p>\n","protected":false},"excerpt":{"rendered":"<p>rencontre amitie maroc<\/p>\n","protected":false},"author":1,"featured_media":0,"comment_status":"closed","ping_status":"closed","sticky":false,"template":"","format":"standard","meta":{"footnotes":""},"categories":[1],"tags":[],"_links":{"self":[{"href":"https:\/\/dig-stuttgart.de\/info\/wp-json\/wp\/v2\/posts\/5636"}],"collection":[{"href":"https:\/\/dig-stuttgart.de\/info\/wp-json\/wp\/v2\/posts"}],"about":[{"href":"https:\/\/dig-stuttgart.de\/info\/wp-json\/wp\/v2\/types\/post"}],"author":[{"embeddable":true,"href":"https:\/\/dig-stuttgart.de\/info\/wp-json\/wp\/v2\/users\/1"}],"replies":[{"embeddable":true,"href":"https:\/\/dig-stuttgart.de\/info\/wp-json\/wp\/v2\/comments?post=5636"}],"version-history":[{"count":1,"href":"https:\/\/dig-stuttgart.de\/info\/wp-json\/wp\/v2\/posts\/5636\/revisions"}],"predecessor-version":[{"id":5637,"href":"https:\/\/dig-stuttgart.de\/info\/wp-json\/wp\/v2\/posts\/5636\/revisions\/5637"}],"wp:attachment":[{"href":"https:\/\/dig-stuttgart.de\/info\/wp-json\/wp\/v2\/media?parent=5636"}],"wp:term":[{"taxonomy":"category","embeddable":true,"href":"https:\/\/dig-stuttgart.de\/info\/wp-json\/wp\/v2\/categories?post=5636"},{"taxonomy":"post_tag","embeddable":true,"href":"https:\/\/dig-stuttgart.de\/info\/wp-json\/wp\/v2\/tags?post=5636"}],"curies":[{"name":"wp","href":"https:\/\/api.w.org\/{rel}","templated":true}]}}