{"id":5656,"date":"2020-07-04T11:29:20","date_gmt":"2020-07-04T11:29:20","guid":{"rendered":"http:\/\/dig-stuttgart.de\/info\/?p=5656"},"modified":"2020-06-27T19:53:14","modified_gmt":"2020-06-27T19:53:14","slug":"rencontre-jobs-transfrontaliers","status":"publish","type":"post","link":"https:\/\/dig-stuttgart.de\/info\/2020\/07\/04\/rencontre-jobs-transfrontaliers\/","title":{"rendered":"Rencontre Jobs Transfrontaliers"},"content":{"rendered":"<p>Cet expert de lemploi transfrontalier vient dexp\u00e9rimenter une nouvelle fa\u00e7on de trouver des talents. En effet il est venu dans les Hauts de France en camping-car pour proposer du travail en Belgique. Dans certains navigateurs, vous pouvez \u00e9galement choisir de ne pas \u00eatre suivi par les sites web Interdire le suivi ou Do not track. KBC ne tient compte que de ses propres param\u00e8tres en mati\u00e8re de cookies et ne se conforme pas au Do not track. Des stands, des animations, des recruteurs potentiels, des ateliers pratiques et des t\u00e9moignages sur des exp\u00e9riences de mobilit\u00e9 professionnelle r\u00e9ussie. Les RJT, autrement dit les Rencontres jobs transfrontaliers, devraient tenir toutes leurs promesses.  Si vous \u00eates redirig\u00e9 vers le site web dun tiers via nos solutions num\u00e9riques, la politique applicable en mati\u00e8re de cookies sera celle du tiers en question. Il arrive \u00e9galement que KBC utilise des \u00e9crans de tiers dans ses applications. Cest notamment le cas lorsque vous achetez certains services suppl\u00e9mentaires dans KBC Mobile. La politique applicable en mati\u00e8re de cookies est l\u00e0 aussi celle du tiers concern\u00e9. Le cas \u00e9ch\u00e9ant, KBC vous en informe de mani\u00e8re adapt\u00e9e. Lorsque la politique applicable en mati\u00e8re cookies est celle dun tiers, KBC vous recommande de parcourir \u00e9galement la d\u00e9claration du tiers en question. Nos services et produits sp\u00e9cialement d\u00e9di\u00e9s \u00e0 lemploi en Suisse vous aideront \u00e0 trouver un job en Suisse : r\u00e9daction de CV par des professionnels, r\u00e9daction de lettres de motivation Partager la publication FRONTALIERS GRAND EST, lassociation au service des frontaliers! Cette fen\u00eatre vous permet de visualiser les t\u00e9l\u00e9chargement de.. Au fil des ans, ce salon est devenu un \u00e9v\u00e9nement incontournable, pour tous les frontaliers en activit\u00e9 et toutes les personnes en recherche demploi en Suisse. Inscrivez-vous \u00e0 la newsletter et recevez gratuitement les Top Stories tous les jours Le ministre de lInt\u00e9rieur doit recevoir les officiers et commissaires de police ce vendredi Il faut distinguer 2 services EURES : EURES Transnational conseil pour une mobilit\u00e9 professionnelle par exemple entre lEspagne et le Danemark et EURES Transfrontalier conseil pour une mobilit\u00e9 professionnelle au sein dune r\u00e9gion frontali\u00e8re. <img decoding=\"async\" src=\"http:\/\/www.extra.squirrellist.com\/cadrans\/la-chapelle-en-valgaudemar-cadran-solaire-2.jpg\" alt=\"rencontre jobs transfrontaliers\" align=\"left\"> Lorsquun travailleur se d\u00e9place dans un autre pays pour y travailler, les deux \u00c9tats ont le droit dexercer limposition de son revenu selon la l\u00e9gislation. Il existe donc un risque de double imposition. \u00c9v\u00e9nements Ressources liens utiles Outre-Mer International Bac2 \u00e0 Bac4 International Ressources liens utiles Bac5 et plus Allemagne Etudiants Emploi des jeunes dipl\u00f4m\u00e9s Stages \u00e9tudiants Emploi formation professionnelle Jeunes dipl\u00f4m\u00e9s Strasbourg Grand Est Recrutement Salons Forums Recruteurs Responsables formation continue KBC souhaite vous offrir des services parfaitement adapt\u00e9s \u00e0 vos besoins et pr\u00e9f\u00e9rences. Pour ce faire, KBC ajoute les donn\u00e9es \u00e0 caract\u00e8re personnel collect\u00e9es par le biais de cookies aux informations dont il dispose d\u00e9j\u00e0 \u00e0 votre sujet. \u00c0 linverse, KBC ajoute \u00e0 vos cookies une s\u00e9rie limit\u00e9e de donn\u00e9es issues de ses syst\u00e8mes comme le type de client, la tranche d\u00e2ge, le sexe, etc. Afin de personnaliser ses solutions num\u00e9riques. KBC ne le fait que si vous lautorisez \u00e0 utiliser des cookies.  Linitiative de Catherine Fournier, maire de Frethun, sest r\u00e9v\u00e9l\u00e9e \u00eatre un v\u00e9ritable succ\u00e8s. <img decoding=\"async\" src=\"http:\/\/i-oceans.territorialinstitute.org\/wp-content\/uploads\/sites\/6\/2017\/12\/acquaculture-1.png\" alt=\"rencontre jobs transfrontaliers\" align=\"left\">  <img decoding=\"async\" src=\"http:\/\/www.arcad-ca.fr\/documents\/20130627_Soiree_Construction_Passive_Bruxelles_Capitale.jpg\" alt=\"rencontre jobs transfrontaliers\" align=\"left\"> Affiche des Journ\u00e9es du Patrimoine Date Journ\u00e9es du Patrimoine.<\/p>\n","protected":false},"excerpt":{"rendered":"<p>rencontre jobs transfrontaliers<\/p>\n","protected":false},"author":1,"featured_media":0,"comment_status":"closed","ping_status":"closed","sticky":false,"template":"","format":"standard","meta":{"footnotes":""},"categories":[1],"tags":[],"_links":{"self":[{"href":"https:\/\/dig-stuttgart.de\/info\/wp-json\/wp\/v2\/posts\/5656"}],"collection":[{"href":"https:\/\/dig-stuttgart.de\/info\/wp-json\/wp\/v2\/posts"}],"about":[{"href":"https:\/\/dig-stuttgart.de\/info\/wp-json\/wp\/v2\/types\/post"}],"author":[{"embeddable":true,"href":"https:\/\/dig-stuttgart.de\/info\/wp-json\/wp\/v2\/users\/1"}],"replies":[{"embeddable":true,"href":"https:\/\/dig-stuttgart.de\/info\/wp-json\/wp\/v2\/comments?post=5656"}],"version-history":[{"count":1,"href":"https:\/\/dig-stuttgart.de\/info\/wp-json\/wp\/v2\/posts\/5656\/revisions"}],"predecessor-version":[{"id":5657,"href":"https:\/\/dig-stuttgart.de\/info\/wp-json\/wp\/v2\/posts\/5656\/revisions\/5657"}],"wp:attachment":[{"href":"https:\/\/dig-stuttgart.de\/info\/wp-json\/wp\/v2\/media?parent=5656"}],"wp:term":[{"taxonomy":"category","embeddable":true,"href":"https:\/\/dig-stuttgart.de\/info\/wp-json\/wp\/v2\/categories?post=5656"},{"taxonomy":"post_tag","embeddable":true,"href":"https:\/\/dig-stuttgart.de\/info\/wp-json\/wp\/v2\/tags?post=5656"}],"curies":[{"name":"wp","href":"https:\/\/api.w.org\/{rel}","templated":true}]}}