{"id":5670,"date":"2020-07-04T19:42:59","date_gmt":"2020-07-04T19:42:59","guid":{"rendered":"http:\/\/dig-stuttgart.de\/info\/?p=5670"},"modified":"2020-06-27T19:55:36","modified_gmt":"2020-06-27T19:55:36","slug":"rencontre-bernay-27300","status":"publish","type":"post","link":"https:\/\/dig-stuttgart.de\/info\/2020\/07\/04\/rencontre-bernay-27300\/","title":{"rendered":"Rencontre Bernay 27300"},"content":{"rendered":"<p>Oscar 18:31pour ibiza la reouverture est prevu au 1 er juillet Je suis ouverte desprit, naturelle, aimant la vie, et surtout ma famille, mes amis, jaime les choses simples, je suis de taille moyenne, les yeux bleu ch\u00e2tain clair R\u00e9gion: <img decoding=\"async\" src=\"http:\/\/www.bernay27.fr\/images\/mediatheque1.jpg\" alt=\"rencontre bernay 27300\" align=\"right\"> <img decoding=\"async\" src=\"http:\/\/scbernayhandball.fr\/wp-content\/uploads\/2018\/09\/Portes-ouvertes-2018-214x300.png\" alt=\"rencontre bernay 27300\" align=\"center\">  Une action soutenue par le Reaap R\u00e9seau dcoute, dappui et daccomapagnement des parents Avec quels partenaires? Eure-Exposition Manifestation culturelle-Les Rencontres Bernayennes-Agenda BERNAY 27300 <img decoding=\"async\" src=\"http:\/\/fdata.over-blog.com\/3\/72\/79\/78\/header_article_tmpphpKfMf6I.jpg\" alt=\"rencontre bernay 27300\" align=\"right\"> Le fonds local ancien et contemporain permet des recherches sur la ville et la r\u00e9gion normande. Les livres du premier envoi de f\u00e9vrier sont d\u00e9j\u00e0 en place sur les \u00e9tag\u00e8res des classes, financ\u00e9es par lassociation, le second envoi du mois de juin est en route.. Cette page vous montre un listing de profils de personnes dans lEure pr\u00e9sents sur DisonsDemain Item.fields.nom_du_lieu, item.fields.ville un homme de 60 ans habitant Bernay, je recherche une femme \u00e0 rencontrer.  Ev\u00e9nement propos\u00e9 dans le cadre des Journ\u00e9es du Patrimoine 2016 Sens de lhumour : Je ris quand cest vraiment dr\u00f4le, Amical, je souris toujours Souhaitant garder une trace de cette rencontre quils avaient enregistr\u00e9e, les \u00e9l\u00e8ves ont cr\u00e9\u00e9 des samples avec des extraits de phrases et des boucles musicales cr\u00e9\u00e9es par ordinateur.  Une fois votre inscription faite ici bouton Sinscrire, votre place est bloqu\u00e9e imm\u00e9diatement. Un stage ne peut pas accueillir plus de 20 participants dapr\u00e8s la loi. Participer aux d\u00e9marches transversales de transition \u00e9nerg\u00e9tique engag\u00e9es par lIntercom : PCAET, d\u00e9marches CitErgie, actions engag\u00e9es par la collectivit\u00e9 ayant un lien avec les \u00e9conomies d\u00e9nergie et les \u00e9nergies renouvelables dans les b\u00e2timents. Alors soyez curieux et laissez nous vous assister dans votre recherche des c\u00e9libataires de plus de 50 ans qui vous attendent pour partager leurs centres dint\u00e9r\u00eat. Site de rencontre gratuit, rencontre bernay et chat gratuit.<\/p>\n","protected":false},"excerpt":{"rendered":"<p>rencontre bernay 27300<\/p>\n","protected":false},"author":1,"featured_media":0,"comment_status":"closed","ping_status":"closed","sticky":false,"template":"","format":"standard","meta":{"footnotes":""},"categories":[1],"tags":[],"_links":{"self":[{"href":"https:\/\/dig-stuttgart.de\/info\/wp-json\/wp\/v2\/posts\/5670"}],"collection":[{"href":"https:\/\/dig-stuttgart.de\/info\/wp-json\/wp\/v2\/posts"}],"about":[{"href":"https:\/\/dig-stuttgart.de\/info\/wp-json\/wp\/v2\/types\/post"}],"author":[{"embeddable":true,"href":"https:\/\/dig-stuttgart.de\/info\/wp-json\/wp\/v2\/users\/1"}],"replies":[{"embeddable":true,"href":"https:\/\/dig-stuttgart.de\/info\/wp-json\/wp\/v2\/comments?post=5670"}],"version-history":[{"count":1,"href":"https:\/\/dig-stuttgart.de\/info\/wp-json\/wp\/v2\/posts\/5670\/revisions"}],"predecessor-version":[{"id":5671,"href":"https:\/\/dig-stuttgart.de\/info\/wp-json\/wp\/v2\/posts\/5670\/revisions\/5671"}],"wp:attachment":[{"href":"https:\/\/dig-stuttgart.de\/info\/wp-json\/wp\/v2\/media?parent=5670"}],"wp:term":[{"taxonomy":"category","embeddable":true,"href":"https:\/\/dig-stuttgart.de\/info\/wp-json\/wp\/v2\/categories?post=5670"},{"taxonomy":"post_tag","embeddable":true,"href":"https:\/\/dig-stuttgart.de\/info\/wp-json\/wp\/v2\/tags?post=5670"}],"curies":[{"name":"wp","href":"https:\/\/api.w.org\/{rel}","templated":true}]}}