{"id":5688,"date":"2020-07-04T23:26:12","date_gmt":"2020-07-04T23:26:12","guid":{"rendered":"http:\/\/dig-stuttgart.de\/info\/?p=5688"},"modified":"2020-06-27T20:09:25","modified_gmt":"2020-06-27T20:09:25","slug":"lieu-rencontre-hendaye","status":"publish","type":"post","link":"https:\/\/dig-stuttgart.de\/info\/2020\/07\/04\/lieu-rencontre-hendaye\/","title":{"rendered":"Lieu Rencontre Hendaye"},"content":{"rendered":"<p>Louverture officielle du G7, Emmanuel Macron sest rendu \u00e0 la halle Iraty pour <img decoding=\"async\" src=\"http:\/\/www.tsruepay.gq\/uploads\/slides\/thumb_w1300h700zc1q__15b902be3d4e9d6a66e1b99ef5fa9c15.jpg\" alt=\"lieu rencontre hendaye\" align=\"right\"> Elles arrivent elles arrivent, les troisi\u00e8mes rencontres intergalactiques! Apr\u00e8s avoir s\u00e9journ\u00e9 \u00e0 la ZAD de Notre-Dame-des-Landes durant deux ans, nous nous poserons cette fois-ci au Pays Basque, \u00e0 loccasion du contre sommet du G7. Ateliers et d\u00e9bats, f\u00eates et luttes au menu, dans un espace ouvert \u00e0 tout le monde! Yo Toi Gurekin: Souvenirs de la fronti\u00e8re compte sur la collaboration des associations et des services municipaux des 3 villes et se composera de trois moments cl\u00e9s. Dans un premier temps, des entrevues spontan\u00e9es seront effectu\u00e9es dans les rues de notre bassin de Bidasoa-Txingudi, et plus particuli\u00e8rement au niveau des passages frontaliers. Dans un deuxi\u00e8me temps, des objets embl\u00e9matiques et des t\u00e9moignages d\u00e9taill\u00e9s sur la fronti\u00e8re seront collect\u00e9s douane, passage frontalier, travers\u00e9e du fleuve et de la baie. Et enfin, gr\u00e2ce \u00e0 tous ces \u00e9l\u00e9ments, une exposition est organis\u00e9e au Centre dInterpr\u00e9tation de la Bidassoa. Le Maire, Kotte ECENARRO qui avait rappel\u00e9 en pr\u00e9ambule de la r\u00e9union que si le G7 organis\u00e9 \u00e0 Biarritz \u00e9tait un accord entre lEtat et le Maire de la ville, pour Hendaye, il sagissait dun choix de lEtat impos\u00e9 \u00e0 la commune. N\u00e9anmoins, le premier \u00e9dile a tenu \u00e0 conclure que rien ne serait pire que de sopposer \u00e0 ce rassemblement. Et la suite? Le prix d\u00e9pend des dates de s\u00e9jour et du nombre de personnes Les questions ont port\u00e9 principalement sur le lieu daccueil et dh\u00e9bergement, les transports, les rencontres et les conditions de s\u00e9curit\u00e9. Il a \u00e9t\u00e9 confirm\u00e9 les divers points suivants. LEtat a choisi que le contre-G7 se d\u00e9roule \u00e0 Hendaye et Irun Lieu daccueil et dh\u00e9bergement Le prix d\u00e9pend des dates de s\u00e9jour et du nombre de personnes Para los efectos de este Aviso Legal la empresa titular de NAIZ es TAI GABE DIGITALA SL. Dans quelle langue souhaitez-vous de pr\u00e9f\u00e9rence recevoir une r\u00e9ponse? Attention, il est possible que le camping ne puisse pas satisfaire \u00e0 votre demande. Hirugarren enpresen tresnak erabiltzen ditugu estatistikak lortzeko eta publizitatea erakusteko:   Un p\u00e8re de famille a emmen\u00e9 son b\u00e9b\u00e9 de 6 semaines dans un \u00e9tat grave \u00e0 lh\u00f4pital de Pau, vendredi 15 mai 2020. Lh\u00f4pital a imm\u00e9diatement fait un signalement \u00e0 la police. Nous lan\u00e7ons \u00e9galement un appel \u00e0 lensemble de la soci\u00e9t\u00e9 civile ouvriers, commerces, entreprises \u00e0 ne pas collaborer avec le G7. Date : le 22 octobre 2020. Lieu : Cit\u00e9 Centre de Congr\u00e8s, Lyon. Site : lyon-franchise.com Encercl\u00e9e par les falaises de craie blanche, la plage dEtretat figure au top des incontournables de la Normandie. Cette plage de galets offre une vue imprenable sur lArche naturelle creus\u00e9e par les vagues et lAiguille, haute de 51 m\u00e8tres. Avec pr\u00e8s dun kilom\u00e8tre de longueur et un paysage \u00e0 couper le souffle, ce site pittoresque est une v\u00e9ritable carte postale. <img decoding=\"async\" src=\"http:\/\/presselib.com\/wp-content\/uploads\/2017\/07\/BENSUSAN.jpg\" alt=\"lieu rencontre hendaye\" align=\"left\"> <img decoding=\"async\" src=\"http:\/\/www.cinematheque.fr\/cache\/media\/programmation\/diaporamas\/28-img_2470-copy-suko-lam-cf\/s,1200-d576e1.jpg\" alt=\"lieu rencontre hendaye\" align=\"left\">  24082019 \u00e0 13:11 Macron : Je veux que ce G7 soit utile Fond\u00e9e sur des valeurs de convivialit\u00e9 et de respect de lautre, lassociation propose \u00e0 ses adh\u00e9rents une 50aine de membres actifs au compteur de prolonger lexp\u00e9rience au gr\u00e9 des formations professionnelles, ateliers photo, cours de yoga et afterworks rythmant la vie du collectif. Autant de rendez-vous qui font le ciment dune communaut\u00e9 qui promeut justement, le travail collaboratif et linnovation sociale. 48 \u00e9l\u00e8ves sont inscrits pour venir repr\u00e9senter le coll\u00e8ge au cross d\u00e9partemental qui aura lieu mercredi prochain, 30 novembre \u00e0 Tarnos, au stade intercommunal Andr\u00e9 Maye.<\/p>\n","protected":false},"excerpt":{"rendered":"<p>lieu rencontre hendaye<\/p>\n","protected":false},"author":1,"featured_media":0,"comment_status":"closed","ping_status":"closed","sticky":false,"template":"","format":"standard","meta":{"footnotes":""},"categories":[1],"tags":[],"_links":{"self":[{"href":"https:\/\/dig-stuttgart.de\/info\/wp-json\/wp\/v2\/posts\/5688"}],"collection":[{"href":"https:\/\/dig-stuttgart.de\/info\/wp-json\/wp\/v2\/posts"}],"about":[{"href":"https:\/\/dig-stuttgart.de\/info\/wp-json\/wp\/v2\/types\/post"}],"author":[{"embeddable":true,"href":"https:\/\/dig-stuttgart.de\/info\/wp-json\/wp\/v2\/users\/1"}],"replies":[{"embeddable":true,"href":"https:\/\/dig-stuttgart.de\/info\/wp-json\/wp\/v2\/comments?post=5688"}],"version-history":[{"count":1,"href":"https:\/\/dig-stuttgart.de\/info\/wp-json\/wp\/v2\/posts\/5688\/revisions"}],"predecessor-version":[{"id":5689,"href":"https:\/\/dig-stuttgart.de\/info\/wp-json\/wp\/v2\/posts\/5688\/revisions\/5689"}],"wp:attachment":[{"href":"https:\/\/dig-stuttgart.de\/info\/wp-json\/wp\/v2\/media?parent=5688"}],"wp:term":[{"taxonomy":"category","embeddable":true,"href":"https:\/\/dig-stuttgart.de\/info\/wp-json\/wp\/v2\/categories?post=5688"},{"taxonomy":"post_tag","embeddable":true,"href":"https:\/\/dig-stuttgart.de\/info\/wp-json\/wp\/v2\/tags?post=5688"}],"curies":[{"name":"wp","href":"https:\/\/api.w.org\/{rel}","templated":true}]}}