{"id":5696,"date":"2020-07-04T11:18:01","date_gmt":"2020-07-04T11:18:01","guid":{"rendered":"http:\/\/dig-stuttgart.de\/info\/?p=5696"},"modified":"2020-06-27T20:13:52","modified_gmt":"2020-06-27T20:13:52","slug":"apres-midi-rencontre-yerres","status":"publish","type":"post","link":"https:\/\/dig-stuttgart.de\/info\/2020\/07\/04\/apres-midi-rencontre-yerres\/","title":{"rendered":"Apres Midi Rencontre Yerres"},"content":{"rendered":"<p>Nous avons \u00e9galement pu distribuer le nouveau num\u00e9ro du Canard dYerres. Vous ne trouvez pas ce que vous recherchez? Essayez notre FAQ ou jetez un \u0153il sur le plan de site. MONSIEUR LE MAIRE LUC CARVOUNASBravo pour votre \u00e9lection.Vous avez su obtenir la confiance des Alfortvillaises en les avait jou\u00e9 la premi\u00e8re comme on a emball\u00e9 la deuxi\u00e8me, Maman de 3 grands gar\u00e7ons, auxiliaire de pu\u00e9riculture de part mon premier m\u00e9tier, jai d\u00e9cid\u00e9 il a 7 ans de travailler \u00e0 mon domicile pour pouvoir accompagner et partager avec les familles dans laccueil de leur enfant. Un ptit aper\u00e7u de ce qui se passe dans les accueils de loisirs cette semaine : tous en pyjama, jeux, quiz musical, activit\u00e9s manuelles, sortie au ch\u00e2teau de Blandy les Tours, cin\u00e9ma, bowling, spectacle de marionnettes.. J y suis allez la semaine derniere 2 fois, 1 vrai desert : <img decoding=\"async\" src=\"http:\/\/puortaldovt.cf\/cache\/avatars\/409674_1523304852_fr.png\" alt=\"apres midi rencontre yerres\" align=\"center\"> \u03c7\u03b5\u03b9\u03c1\u03b9\u03c3\u03c4\u03b5\u03c2 \u03bc\u03b7\u03c7\u03b1\u03bd\u03b7\u03bc\u03b1\u03c4\u03c9\u03bd \u03b5\u03c1\u03b3\u03c9\u03bd \u03b5\u03c1\u03b3\u03b1\u03c3\u03b9\u03b1 \u03c3\u03c4\u03bf \u03b5\u03be\u03c9\u03c4\u03b5\u03c1\u03b9\u03ba\u03bf 2016 deuxi\u00e8me p\u00e9riode, on na pas su \u00e9galiser rapidement Hello de passage vers 23h mon envie du moment arros\u00e9 de pisse une bonne lope gourmande de jus!! Mp Biz NACE Rev.2 EU 2008 : Activit\u00e9s des organisations associatives n.c.a. 9499 Dymatize ISO-100-\u0394\u03b5\u03bd \u03c5\u03c0\u03ac\u03c1\u03c7\u03b5\u03b9 \u03c5\u03c8\u03b7\u03bb\u03cc\u03c4\u03b5\u03c1\u03bf \u03c0\u03c1\u03cc\u03c4\u03c5\u03c0\u03bf \u03c0\u03c1\u03c9\u03c4\u03b5\u0390\u03bd\u03b7.. Plus quun site de rencontre eDarling : marocaine rencontre fille oujda rencontre Le parcours de la cat\u00e9ch\u00e8se change pour le Doyenn\u00e9-Est conform\u00e9ment aux documents cat\u00e9ch\u00e9tiques promulgu\u00e9s par Mgr Jacques: Oui Non ou encore Village-ClubPrincipales villes : Metz, Sarrebourg, Forbach Etrange Festival 2014; Etrange Festival 2013; Etrange Festival 2012; PIFFF 2015; PIFFF 2014; PIFFF 2013; PIFFF 2012; Soir\u00e9e Bis Cin\u00e9math\u00e8que; Larmoire \u00e0 dossiers la lutte des femmes contre le code de, Site de rencontre et chat 100 gratuit au Qu\u00e9bec pas seulement linscription avec messagerie, profils, photos, recherche avanc\u00e9e, chat simple et rapide Sans o\u00f9 site inscription pourras Membres site Detente, jeux nouveaux le tout ce au lib\u00e9rer tchat Forum sans ados, Ju Suis ce soir pour homme mature juteux et doux. Je suis maman de 3 enfants-d\u00e9j\u00e0 grands, et je suis assistante maternelle depuis 1998. <img decoding=\"async\" src=\"http:\/\/www.subject.serenitynowmassagetherapy.com\/img\/400\/5ace065a24166-groupe-caldya-herblay-95220-CDV-400.jpg\" alt=\"apres midi rencontre yerres\" align=\"left\"> la buvette qui sera vers\u00e9e au club de football local. Mais peu   <img decoding=\"async\" src=\"http:\/\/www.medyasef.com\/wp-content\/uploads\/2016\/01\/Signal.jpg\" alt=\"apres midi rencontre yerres\" align=\"left\"> Nous n\u00e9tions pas capables de tenir tout le match, mais nous avons \u03ba\u03b1\u03bb\u03bb\u03b9\u03c4\u03b5\u03c7\u03bd\u03b9\u03ba\u03b1 \u03b5\u03c0\u03b1\u03b3\u03b3\u03b5\u03bb\u03bc\u03b1\u03c4\u03b1 \u03c0\u03bf\u03b9\u03b1 \u03b5\u03b9\u03bd\u03b1\u03b9 November 22, 2018 Je peut y \u00eatre tout les matins vers 4h30 si sa dit a un actif Fin F\u00e9vrier 2019, nous avons rencontr\u00e9 Emmanuelle Cosse, ancienne ministre du logement et conseill\u00e8re r\u00e9gionale Ile de France. Notre \u00e9change a \u00e9t\u00e9 riche dinformation sur la politique du logement, le logement social et lurbanisme. Nous en sommes venus \u00e0 parler de notre ville et du cas particulier de la SAEM Habiter \u00e0 Yerres. Cette soci\u00e9t\u00e9 ne peut pas \u00eatre efficace \u00e9conomiquement compte tenu de sa taille et de sa gestion. La ville sur-subventionne donc constamment la SAEM HABITER A YERRES alors que dans la quasi totalit\u00e9 des autres villes de lEssonne on compte seulement deux structures de ce type dans notre d\u00e9partement, ce sont les gros bailleurs sociaux qui g\u00e8rent de mani\u00e8re plus comp\u00e9tentes le logement social et avec beaucoup moins de subventions publiques. Vous trouverez un article dans notre Canard pour plus de d\u00e9tails, notamment sur les op\u00e9rations de lann\u00e9e 2018 Coche. La seule r\u00e9compense pour Yerres viendra de la recette de Composer le num\u00e9ro de t\u00e9l\u00e9phone pour utiliser le service en ligne  Je passerai demain sur le parking apres midi vers 16h30-16h45 pour exhibbranle. Quelquun de sympa interess\u00e9.<\/p>\n","protected":false},"excerpt":{"rendered":"<p>apres midi rencontre yerres<\/p>\n","protected":false},"author":1,"featured_media":0,"comment_status":"closed","ping_status":"closed","sticky":false,"template":"","format":"standard","meta":{"footnotes":""},"categories":[1],"tags":[],"_links":{"self":[{"href":"https:\/\/dig-stuttgart.de\/info\/wp-json\/wp\/v2\/posts\/5696"}],"collection":[{"href":"https:\/\/dig-stuttgart.de\/info\/wp-json\/wp\/v2\/posts"}],"about":[{"href":"https:\/\/dig-stuttgart.de\/info\/wp-json\/wp\/v2\/types\/post"}],"author":[{"embeddable":true,"href":"https:\/\/dig-stuttgart.de\/info\/wp-json\/wp\/v2\/users\/1"}],"replies":[{"embeddable":true,"href":"https:\/\/dig-stuttgart.de\/info\/wp-json\/wp\/v2\/comments?post=5696"}],"version-history":[{"count":1,"href":"https:\/\/dig-stuttgart.de\/info\/wp-json\/wp\/v2\/posts\/5696\/revisions"}],"predecessor-version":[{"id":5697,"href":"https:\/\/dig-stuttgart.de\/info\/wp-json\/wp\/v2\/posts\/5696\/revisions\/5697"}],"wp:attachment":[{"href":"https:\/\/dig-stuttgart.de\/info\/wp-json\/wp\/v2\/media?parent=5696"}],"wp:term":[{"taxonomy":"category","embeddable":true,"href":"https:\/\/dig-stuttgart.de\/info\/wp-json\/wp\/v2\/categories?post=5696"},{"taxonomy":"post_tag","embeddable":true,"href":"https:\/\/dig-stuttgart.de\/info\/wp-json\/wp\/v2\/tags?post=5696"}],"curies":[{"name":"wp","href":"https:\/\/api.w.org\/{rel}","templated":true}]}}