{"id":5718,"date":"2020-07-04T15:30:49","date_gmt":"2020-07-04T15:30:49","guid":{"rendered":"http:\/\/dig-stuttgart.de\/info\/?p=5718"},"modified":"2020-06-27T20:29:13","modified_gmt":"2020-06-27T20:29:13","slug":"rencontre-contemporaine","status":"publish","type":"post","link":"https:\/\/dig-stuttgart.de\/info\/2020\/07\/04\/rencontre-contemporaine\/","title":{"rendered":"Rencontre Contemporaine"},"content":{"rendered":"<p>L\u00e9quipe de Fruct\u00f4se vous attend \u00e0 14h, place Jean Bart, pour une promenade surprise, une balade familiale o\u00f9 se d\u00e9voileront des \u0153uvres \u00e9tonnantes, des lieux m\u00e9connus en pr\u00e9sence des.. Le spectateur devient passant ou passante, et d\u00e9ambule parmi les silhouettes de ces diff\u00e9rentes \u00e9poques au sein de la structure toute particuli\u00e8re de fond\u00e9e par Rem Koolhaas. En effet, larchitecture de l\u00e9difice permet une configuration unique dans lespace central et reprend lancien escalier Art Nouveau des Galeries Lafayette. Pierre Antoine Lafayette Anticipations, Paris , 1984, La petite bible des jeunes \u00e9poux, LHistoire, 63, p.70-75, repris dans Le Temps, le d\u00e9sir et lhorreur. Essais sur le xix e si\u00e8cle, Paris, Aubier, 1991. Au Mus\u00e9e des Beaux-Arts de Montr\u00e9al MBAM, du 12 avril 2017 au 5 ao\u00fbt 2018, avait lieu Mn\u00e9mosyne : quand lart contemporain rencontre lart du pass\u00e9, une exposition pr\u00e9sentant quatorze \u0153uvres contemporaines, chacune mise en relation avec une autre \u0153uvre issue de la collection internationale du mus\u00e9e reproduites sur des cartels expliquant les rapports tiss\u00e9s par la commissaire, Genevi\u00e8ve Goyer-Ouimette, 2017. 176 logements dont 2 PMR,R\u00e9sidence de standing de 21 m \u00e0 30 m avec balcon.Logements meubl\u00e9s \u00e9quip\u00e9s. Kit vaisselle complet, plaques chauffantes, frigo. A lint\u00e9rieur des r\u00e9sidences des salles d\u00e9tude, de d\u00e9.. 5-7 rue de lEcole Polytechnique 75005 Paris France Un bilan positif dans la mesure o\u00f9 le Cr\u00e9dac a \u00e9t\u00e9 labellis\u00e9 centre dart contemporain dint\u00e9r\u00eat national en septembre 2018, soit le premier centre dart en \u00cele-de-France \u00e0 recevoir cette reconnaissance par le minist\u00e8re de la Culture. Cest une \u00e9tape tr\u00e8s importante pour l\u00e9quipe qui est annonc\u00e9e le soir de la c\u00e9l\u00e9bration de nos 30 ans et de la sortie de louvrage anniversaire : INDEX 1987-2017 500 artistes 225 expositions 30 textes 800 photos Vous tentez peut-\u00eatre dacc\u00e9der \u00e0 ce site \u00e0 partir dun navigateur s\u00e9curis\u00e9 sur le serveur. Activez les scripts et rechargez la page. Car cet ouvrage universitaire ne vise pas a la vulgarisation cest un livre sp\u00e9cialis\u00e9, pour sp\u00e9cialistes qui porte une th\u00e8se et qui na quun but : faire une \u00e9tude pr\u00e9cise, et analytique de l\u00e9volution du jazz contemporain et de la musique contemporaine afin de d\u00e9montrer leur proximit\u00e9. Partir \u00e0 la rencontre des cr\u00e9ateurs contemporains au Salon R\u00e9v\u00e9lations Quand je dis que je suis danseur contemporain, les gens me r\u00e9pondent : Ah donc tu fais du ballet? Je leur r\u00e9ponds que non.. Ou alors beaucoup de gens disent quon ne devrait pas qualifier cette danse de contemporaine mais plut\u00f4t de sc\u00e9nique. En R\u00e9publique tch\u00e8que ou en Slovaquie, beaucoup de gens ne savent pas ce quest la danse contemporaine. Ils ne sont jamais all\u00e9s voir de performance de danse contemporaine ou de th\u00e9\u00e2tre dans\u00e9. Mais quand ils voient notre spectacle, ils sont surpris et heureux. You dont have permission to access this resource. <img decoding=\"async\" src=\"http:\/\/static.mensup.fr\/photos\/128769\/zoom-quand-l-art-contemporain-rencontre-le-sacre.jpg\" alt=\"rencontre contemporaine\" align=\"center\"> <img decoding=\"async\" src=\"http:\/\/www.stimultania.org\/lyon\/wp-content\/uploads\/2013\/05\/13-05Stimultania_DSC3926M_800CD.jpg\" alt=\"rencontre contemporaine\" align=\"right\">  Quatuor \u00e0 cordes venu des \u00c9tats-Unis, le Quatuor Mivos sest sp\u00e9cialis\u00e9 dans lex\u00e9cution dun r\u00e9pertoire r\u00e9solument contemporain, au contact de compositeurs vivants. Pour leur premi\u00e8re participation \u00e0 lAcad\u00e9mie europ\u00e9enne de musique, ses membres donneront ce soir Unfolding, une pi\u00e8ce de la compositrice Francesca Verunelli, avec laquelle ils ont pu travailler durant toute cette semaine \u00e0 Aix-en-Provence. R\u00e9cit dune rencontre humaine et musicale, entre c\u00e2bles \u00e9lectriques et instruments \u00e0 cordes! Figures chr\u00e9tiennes contemporaines de la rencontre avec lislam-de Louis Massignon \u00e0 Paolo DallOglio Centre S\u00e8vres-Paris Au coeur dun apr\u00e8s-midi ayant renou\u00e9 avec les chaleurs de saison, une trentaine de m\u00e9lomanes avait ralli\u00e9 la salle sous la mairie au Mazet-Saint-Voy. Ils avaient r\u00e9pondu \u00e0 linvitation des Rencontres contemporaines, une association qui c\u00e9l\u00e8bre avec constance la musique des XXe et XXIe si\u00e8cles, \u00e0 Lyon et en Haute-Loire. L\u00e9diteur a tout dabord r\u00e9fl\u00e9chi aux difficult\u00e9s \u00e9prouv\u00e9es par les petits \u00e9diteurs face aux m\u00e9dias. Trop peu de temps est consacr\u00e9 au livre sur les ondes, dautant plus lorsquil sagit de livres de petites maisons : sur France Culture, cest tous les ans et demi seulement que lon \u00e9voque les ouvrages de La Fabrique. Le constat est \u00e9galement mitig\u00e9 en ce qui concerne la presse \u00e9crite, bien quelle traite davantage des nouvelles parutions litt\u00e9raires. On y retrouve principalement des critiques douvrages issus de grands groupes \u00e9ditoriaux, mais peu de titres publi\u00e9s par de petites maisons ind\u00e9pendantes. Plusieurs raisons \u00e0 cela : tout dabord, un petit \u00e9diteur na pas les moyens de soffrir des pages publicitaires, principale source de revenus des suppl\u00e9ments critiques. Les gros \u00e9diteurs accaparent alors ces espaces et, en contrepartie, voient leurs livres privil\u00e9gi\u00e9s dans les rubriques d\u00e9di\u00e9es \u00e0 la critique. De m\u00eame, les critiques litt\u00e9raires sont nombreux \u00e0 aspirer \u00e0 une carri\u00e8re d\u00e9crivain et \u00e0 nourrir lespoir de se faire publier un jour. Pour ces raisons, ils favoriseraient les critiques \u00e9logieuses douvrages de gros \u00e9diteurs afin daugmenter leurs chances datteindre cet objectif. Enfin, les publications dun \u00e9diteur engag\u00e9 sont pass\u00e9es sous silence dans la presse quand il adopte certaines prises de position, comme cest le cas pour La Fabrique et la question palestinienne, trait\u00e9e dans plusieurs ouvrages de la maison. Seul le nouveau m\u00e9dia que constitue internet pourrait repr\u00e9senter une mise en valeur positive. Que la critique soit bonne ou mauvaise importe peu, lessentiel \u00e9tant que lon parle du livre. Toutefois, malgr\u00e9 cette note optimiste, le ph\u00e9nom\u00e8ne reste restreint et li\u00e9 \u00e0 des initiatives singuli\u00e8res. Aide \u00e0 la cr\u00e9ation technique 8 services de technicien.ne.s <img decoding=\"async\" src=\"http:\/\/2.bp.blogspot.com\/-XerRelvLFFk\/U71QwPFhhGI\/AAAAAAAAADo\/mRYj-9J0r8A\/s1600\/photos+telephoe+isa+980.jpg\" alt=\"rencontre contemporaine\" align=\"left\"> Musiques actuelles Art Contemporain Spectacles vivants Service des publics  Les appr\u00e9ciations sont pr\u00e9sent\u00e9es par ordre chronologique, et soumises \u00e0 une proc\u00e9dure de contr\u00f4le. La Cr\u00e8che de Le\u0161any, photo: Lenka Vagnerov\u00e1 Company Au lyc\u00e9e, jai commenc\u00e9 par \u00e9tudier la sculpture puis la sc\u00e9nographie. Toute ma vie jai voulu \u00eatre un artiste. Jaime le th\u00e9\u00e2tre et la danse mais je pensais \u00e0 l\u00e9poque que ce n\u00e9tait pas ma voie parce que, selon moi, il ny a pas assez dopportunit\u00e9s pour vivre de la danse en Slovaquie. Jai vu quelques-unes des performances de Lenka en Slovaquie et jai \u00e9t\u00e9 tr\u00e8s touch\u00e9. Il y a deux ans, jai pass\u00e9 un concours et elle ma choisi! J\u00e9tais extr\u00eamement heureux. La danse est devenue ma profession. Travailler avec Lenka, cest tr\u00e8s sp\u00e9cial : elle travaille beaucoup sur la physicalit\u00e9, les \u00e9motions et toujours avec beaucoup de respect. Ce nest pas seulement de la danse, cest beaucoup d\u00e9motions et de jeu dacteur. Tout cela est m\u00eal\u00e9 \u00e0 la sc\u00e9nographie et \u00e0 la musique. Pour chaque projet, nous travaillons sur des sujets diff\u00e9rents, avec des gens diff\u00e9rents, issus de mondes diff\u00e9rents. Arti\u00e8res Philippe, 2000, Le Livre des vies coupables. Autobiographies de criminels 1896-1909. Paris, Albin Michel. Point contemporain cherche \u00e0 favoriser la rencontre du public avec les \u0153uvres dart contemporain. The People United Will Never Be Defeated!: Variation 38 Critique dart, journaliste et auteur. Il collabore \u00e0 de nombreux magazines dont Frieze et Artforum.<\/p>\n","protected":false},"excerpt":{"rendered":"<p>rencontre contemporaine<\/p>\n","protected":false},"author":1,"featured_media":0,"comment_status":"closed","ping_status":"closed","sticky":false,"template":"","format":"standard","meta":{"footnotes":""},"categories":[1],"tags":[],"_links":{"self":[{"href":"https:\/\/dig-stuttgart.de\/info\/wp-json\/wp\/v2\/posts\/5718"}],"collection":[{"href":"https:\/\/dig-stuttgart.de\/info\/wp-json\/wp\/v2\/posts"}],"about":[{"href":"https:\/\/dig-stuttgart.de\/info\/wp-json\/wp\/v2\/types\/post"}],"author":[{"embeddable":true,"href":"https:\/\/dig-stuttgart.de\/info\/wp-json\/wp\/v2\/users\/1"}],"replies":[{"embeddable":true,"href":"https:\/\/dig-stuttgart.de\/info\/wp-json\/wp\/v2\/comments?post=5718"}],"version-history":[{"count":1,"href":"https:\/\/dig-stuttgart.de\/info\/wp-json\/wp\/v2\/posts\/5718\/revisions"}],"predecessor-version":[{"id":5719,"href":"https:\/\/dig-stuttgart.de\/info\/wp-json\/wp\/v2\/posts\/5718\/revisions\/5719"}],"wp:attachment":[{"href":"https:\/\/dig-stuttgart.de\/info\/wp-json\/wp\/v2\/media?parent=5718"}],"wp:term":[{"taxonomy":"category","embeddable":true,"href":"https:\/\/dig-stuttgart.de\/info\/wp-json\/wp\/v2\/categories?post=5718"},{"taxonomy":"post_tag","embeddable":true,"href":"https:\/\/dig-stuttgart.de\/info\/wp-json\/wp\/v2\/tags?post=5718"}],"curies":[{"name":"wp","href":"https:\/\/api.w.org\/{rel}","templated":true}]}}