{"id":5734,"date":"2020-07-04T13:26:53","date_gmt":"2020-07-04T13:26:53","guid":{"rendered":"http:\/\/dig-stuttgart.de\/info\/?p=5734"},"modified":"2020-06-27T20:34:41","modified_gmt":"2020-06-27T20:34:41","slug":"rencontres-udecam","status":"publish","type":"post","link":"https:\/\/dig-stuttgart.de\/info\/2020\/07\/04\/rencontres-udecam\/","title":{"rendered":"Rencontres Udecam"},"content":{"rendered":"<p>Prenez 1 minute pour vous inscrire et boostez votre activit\u00e9 en rejoignant la communaut\u00e9 Emarketing.fr!  Une compl\u00e9mentarit\u00e9 mise \u00e9galement en lumi\u00e8re au travers d, qui ont chacun pr\u00e9sent\u00e9 des campagnes innovantes men\u00e9es ces deux derni\u00e8res ann\u00e9es. Cette troisi\u00e8me partie des Rencontres de lUdecam a enfin \u00e9t\u00e9 marqu\u00e9 par le th\u00e8me de la confiance, port\u00e9 par Franck Gervais, selon qui des contenus adapt\u00e9s aux diff\u00e9rents canaux, mais qui soient aussi de qualit\u00e9 et issus de sources fiables \u00e9taient le meilleur moyen de r\u00e9tablir. <img decoding=\"async\" src=\"http:\/\/www.steve-et-cie.com\/wp-content\/uploads\/2016\/09\/Media-Planet-13-1024x575.jpg\" alt=\"rencontres udecam\" align=\"center\"> <img decoding=\"async\" src=\"http:\/\/pub4.activemailer.pro\/cc\/523\/images\/2016\/09\/numero6\/udecam2016-header-05.jpg\" alt=\"rencontres udecam\" align=\"left\"> \u00e7a ne changera rien, \u00e7a co\u00fbtera de largent cest tout, Enregistrer mon nom, mon e-mail et mon site web dans le navigateur pour mon prochain commentaire. Cool un acc\u00e8s libre ;. Merci! Sortons par le haut de cette crise.. Et soyons optimistes : lhumanit\u00e9 nest pas encore \u00e9radiqu\u00e9e! Ah non, mais on a besoin daudience pour se vendre! 07.09.2017 Intervention de lARPP aux Rencontres UDECAM Les Rencontres aborderont les diff\u00e9rents aspects de la n\u00e9cessaire r\u00e9-invention de l\u00e9cosyst\u00e8me. Site de l\u00e9v\u00e9nement Organisateur Raphael de Andreis, Pr\u00e9sident de lUdecam, \u00e9claire le choix de ce th\u00e8me : Plus le monde et les outils de communication deviennent globaux, plus les individus \u00e9prouvent le besoin de sancrer dans des communaut\u00e9s. Des passions, de l\u00e9thique, des lieux de vie, des points de vue, du partage instantan\u00e9 de moments forts en live Le pouvoir dengagement des communaut\u00e9s na jamais \u00e9t\u00e9 aussi fort. On peut m\u00eame aller jusqu\u00e0 poser la question : une marque, un m\u00e9dia ou une entreprise qui nengage pas une communaut\u00e9 a-t-il encore un futur \u00e0 l\u00e8re du digital? 252 Rue du Faubourg Saint-Honor\u00e9, Paris, France  Rencontres de lUDECAM : les nouvelles tribus-Peclers Paris Please turn on your JS Je ne crois pas \u00e0 la dictature de linstant, mais \u00e0 linstant enrichi, poursuit Damien Viel, DG de Twitter France, dont laudience a gagn\u00e9 56 en 2 ans. Plus quun r\u00e9seau social, Twitter est devenu une plateforme dinformations en temps r\u00e9el, une plateforme au service des m\u00e9dias. Saisir lopportunit\u00e9 du temps r\u00e9el Ce jeudi 4 septembre a eu lieu leur quatri\u00e8me rencontre. 7-Pierre Louette : Pour engager, il faut sengager. Il faut sengager dans le combat pour la plan\u00e8te et les grands sujets, \u00eatre t\u00e9moin de ce quil se passe et faire passer un message.  Thomas Jamet, Vice-pr\u00e9sident de lUdecam, sera pr\u00e9sent lors des 13 e Rencontres de lUdecam, le 5.. Fran\u00e7oise Chambre-D\u00e9l\u00e9gu\u00e9e G\u00e9n\u00e9rale Contacter lorganisateur <img decoding=\"async\" src=\"http:\/\/adjecetival.tk\/articles\/vases\/zoom\/Vases-CHRISTOFLE_5367.jpg\" alt=\"rencontres udecam\" align=\"left\"> INfluencia.net, le site, visit\u00e9 par plus de 100.000 visiteurs uniques chaque mois et certifi\u00e9 par lOJD.<\/p>\n","protected":false},"excerpt":{"rendered":"<p>rencontres udecam<\/p>\n","protected":false},"author":1,"featured_media":0,"comment_status":"closed","ping_status":"closed","sticky":false,"template":"","format":"standard","meta":{"footnotes":""},"categories":[1],"tags":[],"_links":{"self":[{"href":"https:\/\/dig-stuttgart.de\/info\/wp-json\/wp\/v2\/posts\/5734"}],"collection":[{"href":"https:\/\/dig-stuttgart.de\/info\/wp-json\/wp\/v2\/posts"}],"about":[{"href":"https:\/\/dig-stuttgart.de\/info\/wp-json\/wp\/v2\/types\/post"}],"author":[{"embeddable":true,"href":"https:\/\/dig-stuttgart.de\/info\/wp-json\/wp\/v2\/users\/1"}],"replies":[{"embeddable":true,"href":"https:\/\/dig-stuttgart.de\/info\/wp-json\/wp\/v2\/comments?post=5734"}],"version-history":[{"count":1,"href":"https:\/\/dig-stuttgart.de\/info\/wp-json\/wp\/v2\/posts\/5734\/revisions"}],"predecessor-version":[{"id":5735,"href":"https:\/\/dig-stuttgart.de\/info\/wp-json\/wp\/v2\/posts\/5734\/revisions\/5735"}],"wp:attachment":[{"href":"https:\/\/dig-stuttgart.de\/info\/wp-json\/wp\/v2\/media?parent=5734"}],"wp:term":[{"taxonomy":"category","embeddable":true,"href":"https:\/\/dig-stuttgart.de\/info\/wp-json\/wp\/v2\/categories?post=5734"},{"taxonomy":"post_tag","embeddable":true,"href":"https:\/\/dig-stuttgart.de\/info\/wp-json\/wp\/v2\/tags?post=5734"}],"curies":[{"name":"wp","href":"https:\/\/api.w.org\/{rel}","templated":true}]}}