{"id":5746,"date":"2020-07-04T19:14:18","date_gmt":"2020-07-04T19:14:18","guid":{"rendered":"http:\/\/dig-stuttgart.de\/info\/?p=5746"},"modified":"2020-06-27T20:39:24","modified_gmt":"2020-06-27T20:39:24","slug":"maison-de-la-rencontre-a-ecully","status":"publish","type":"post","link":"https:\/\/dig-stuttgart.de\/info\/2020\/07\/04\/maison-de-la-rencontre-a-ecully\/","title":{"rendered":"Maison De La Rencontre A Ecully"},"content":{"rendered":"<p>Des plug-ins de r\u00e9seaux sociaux et de vid\u00e9os, qui exploitent des cookies, sont pr\u00e9sents sur ce site web. Ils permettent dam\u00e9liorer la convivialit\u00e9 et la promotion du site gr\u00e2ce \u00e0 diff\u00e9rentes interactions sociales. Pour rester inform\u00e9 de toutes les nouvelles et pour maintenir le contact durant cette p\u00e9riode particuli\u00e8re, merci de vous inscrire \u00e0 la Newsletter. Notre salle de presse virtuelle donne acc\u00e8s aux derni\u00e8res nouvelles de La Vie Claire Centre communal daction sociale 04 78 64 17 00 Cette adresse e-mail est prot\u00e9g\u00e9e contre les robots spammeurs. Vous devez activer le JavaScript pour la visualiser. De son ch\u0153ur pilote La Cigale de Lyon tout en b\u00e9n\u00e9ficiant des avantages fiscaux conf\u00e9r\u00e9s par le statut de lassociation. Labus dalcool est dangereux pour la sant\u00e9. A consommer avec mod\u00e9ration. Pierre Carles prend pour cible les faux critiques de la t\u00e9l\u00e9vision, dont la figure embl\u00e9matique nest autre que Daniel Schneidermann, lanimateur de l\u00e9mission Arr\u00eat sur images. Des peines de 4 \u00e0 15 ans de prison ont \u00e9t\u00e9 prononc\u00e9es par le tribunal correctionnel de Lyon pour une affaire denl\u00e8vement et s\u00e9questration remontant \u00e0 ao\u00fbt 2016 \u00e0 Villeurbanne. Amis du Bois de Serres, Actualit\u00e9s M\u00e9t\u00e9o dEcully 69-Du 11 au 14 Juin : Organisation et participation \u00e0 la Rencontre <img decoding=\"async\" src=\"http:\/\/pic.billetreduc.com\/n180\/sp_50800.jpeg\" alt=\"maison de la rencontre a ecully\" align=\"center\"> Ses r\u00e9seaux: Proche dHerv\u00e9 Morin, lun des cadres de lUDI. De nombreux contacts dans le monde de la m\u00e9decine lyonnaise gr\u00e2ce \u00e0 son m\u00e9tier de chirurgien maxillo-facial quil exerce \u00e0 mi-temps \u00e0 la clinique du Grand Large \u00e0 D\u00e9cines depuis 1983. <img decoding=\"async\" src=\"http:\/\/aff.bstatic.com\/images\/hotel\/max500\/659\/65976884.jpg\" alt=\"maison de la rencontre a ecully\" align=\"left\"> <img decoding=\"async\" src=\"http:\/\/images.contentreserve.com\/ImageType-100\/0439-1\/%7B80249270-6453-4A5C-AC0F-45F29253A6A7%7DImg100.jpg\" alt=\"maison de la rencontre a ecully\" align=\"left\"> Une question? Un num\u00e9ro de t\u00e9l\u00e9phone : 04 78 33 11 76 villas maisons \u00e0 vendre \u00e0 ecully 69130-acheter maison \u00e0 ecully  Vous trouverez plus dinfos sur ces 3 films sur le site de : ECULLY CINEMA est \u00e0 la Maison de la Rencontre Pour permettre de respecter les consignes sanitaires de nouvelles messes ont \u00e9t\u00e9 ajout\u00e9es le weekend, entra\u00eenant aussi des changements dhoraire. Retrouvez ci-dessous toutes les informations ainsi que les consignes sanitaires \u00e0 respecter. Aux cot\u00e9s de Malcom X et Martin Luther King, Angela Davis est une grande figure du mouvement Noir am\u00e9ricain quelle paiera en \u00e9tant condamn\u00e9e \u00e0 mort en 1972. Cest une mobilisation dune ampleur internationale qui permit sa lib\u00e9ration. Aujourdhui, elle est toujours militante des luttes sociales et politiques : La jeunesse est plus r\u00e9volt\u00e9e et plus cr\u00e9ative que jamais! Les grands crus l\u00e8vent le voile sur leurs origines. Pr\u00eat pour un merveilleux voyage cacao? La commune est dans une zone dal\u00e9a sismique faible, selon le programme national de pr\u00e9vention du risque sismique, le Plan S\u00e9isme, datant du. 2 Pour lachat de 2 culottes mentionn\u00e9es 113, la 3\u00e8me est offerte offre valable sur la moins ch\u00e8re des 3. Pour en b\u00e9n\u00e9ficier, ajoutez les 3 dans votre panier!   Pour cr\u00e9er ce journal, les journalistes organisent une conf\u00e9rence de r\u00e9daction o\u00f9 lon d\u00e9cide les th\u00e8mes du journal de la semaine. Par exemple, si il y a une interview, on propose \u00e0 un journaliste dinterviewer la personne int\u00e9ress\u00e9e, puis, le texte est valid\u00e9 par le r\u00e9dacteur en chef, puis est corrig\u00e9 par la secr\u00e9taire de r\u00e9daction qui soccupe des fautes dorthographes, de grammaire, etc Oui, m\u00eame quand on est journaliste, on fait des fautes! et fait la mise en page.<\/p>\n","protected":false},"excerpt":{"rendered":"<p>maison de la rencontre a ecully<\/p>\n","protected":false},"author":1,"featured_media":0,"comment_status":"closed","ping_status":"closed","sticky":false,"template":"","format":"standard","meta":{"footnotes":""},"categories":[1],"tags":[],"_links":{"self":[{"href":"https:\/\/dig-stuttgart.de\/info\/wp-json\/wp\/v2\/posts\/5746"}],"collection":[{"href":"https:\/\/dig-stuttgart.de\/info\/wp-json\/wp\/v2\/posts"}],"about":[{"href":"https:\/\/dig-stuttgart.de\/info\/wp-json\/wp\/v2\/types\/post"}],"author":[{"embeddable":true,"href":"https:\/\/dig-stuttgart.de\/info\/wp-json\/wp\/v2\/users\/1"}],"replies":[{"embeddable":true,"href":"https:\/\/dig-stuttgart.de\/info\/wp-json\/wp\/v2\/comments?post=5746"}],"version-history":[{"count":1,"href":"https:\/\/dig-stuttgart.de\/info\/wp-json\/wp\/v2\/posts\/5746\/revisions"}],"predecessor-version":[{"id":5747,"href":"https:\/\/dig-stuttgart.de\/info\/wp-json\/wp\/v2\/posts\/5746\/revisions\/5747"}],"wp:attachment":[{"href":"https:\/\/dig-stuttgart.de\/info\/wp-json\/wp\/v2\/media?parent=5746"}],"wp:term":[{"taxonomy":"category","embeddable":true,"href":"https:\/\/dig-stuttgart.de\/info\/wp-json\/wp\/v2\/categories?post=5746"},{"taxonomy":"post_tag","embeddable":true,"href":"https:\/\/dig-stuttgart.de\/info\/wp-json\/wp\/v2\/tags?post=5746"}],"curies":[{"name":"wp","href":"https:\/\/api.w.org\/{rel}","templated":true}]}}