{"id":5752,"date":"2020-07-04T06:20:12","date_gmt":"2020-07-04T06:20:12","guid":{"rendered":"http:\/\/dig-stuttgart.de\/info\/?p=5752"},"modified":"2020-06-27T20:40:57","modified_gmt":"2020-06-27T20:40:57","slug":"rencontre-entre-vous-nous","status":"publish","type":"post","link":"https:\/\/dig-stuttgart.de\/info\/2020\/07\/04\/rencontre-entre-vous-nous\/","title":{"rendered":"Rencontre Entre Vous Nous"},"content":{"rendered":"<p>Entre vous et moi, entre nous la rencontre avec Marie Limet de Maria Balazova-Cinergie.be Source \u00e9v\u00e8nement et illustration : Toulouse M\u00e9tropole Castelginest27 avril-30 juinEn quelques mots : \u00c9vadez-vous.. Chez vous!Description : Chers Castelginestois,Comme vous le savez, les mesures gouvernementales actuelles imposent \u00e0.. Personnellement jai une attitude plut\u00f4t snob vis \u00e0 vis des voyages organis\u00e9s, mais dans certains pays comme le N\u00e9pal il est beaucoup plus facile de profiter \u00e0 laide dun voyage organis\u00e9 dapr\u00e8s les retours que jai pu avoir. Il y a beaucoup davantages \u00e0 participer \u00e0 ce genre de s\u00e9jour tout compris m\u00eame si ce nest pas votre truc. En gros vous vous retrouvez pris au pi\u00e8ge avec une bande de voyageurs comme vous, donc vous \u00eates bien oblig\u00e9 dengager la conversation et de commencer \u00e0 vous faire des amis. 8 Randonn\u00e9e et Free Tour <img decoding=\"async\" src=\"http:\/\/www.louischarleslasnier.com\/content\/08-Rencontres-memorables\/2-Bruce-Mau\/Bruce-Mau-05.png\" alt=\"rencontre entre vous nous\" align=\"center\">  b Fait de regarder quelquun au moment o\u00f9 il nous regarde. Des yeux qui attiraient ma curiosit\u00e9.. Dont je fuyais, avec une crainte r\u00e9v\u00e9rentielle la rencontre Arnoux, Zulma, 1960, p 51. Dans la loc pr\u00e9p. \u00c0 la rencontre de Son regard vint \u00e0 la rencontre du mien, menvoya un message que je ne d\u00e9chiffrai pas Vercors, Sil. Mer, 1942, p 45. Le c\u0153ur de mon syst\u00e8me est \u00e9quip\u00e9 dun moteur de recherche coupl\u00e9 \u00e0 un algorithme. Mais louvrier, tant soit-il \u00e9conome, Manque de tout, quand par malheur il ch\u00f4me, Il ne peut gu\u00e8re, avec son faible gain, Garder, le jour, la part du lendemain. Vous avez ensuite la possibilit\u00e9 de poursuivre vos \u00e9changes avec cette personne via un service de messagerie. Rois, qui nous gobvernez, portez mieux vos couronnes, Que les honn\u00eates-gens soient seuls vos favoris ; Et, pour mieux dormir dans vos lits, Dormez un peu moins sur vos tr\u00f4nes. Le participe pass\u00e9 employ\u00e9 avec lauxiliaire saccorde en genre et en nombre avec le sujet \u00e0 la voix active et passive sans distinction. Exemples : <img decoding=\"async\" src=\"http:\/\/p0.storage.canalblog.com\/00\/19\/283426\/90574859_o.jpg\" alt=\"rencontre entre vous nous\" align=\"center\"> quil a faits \u00e0 soi. Le peu de valeur que tu as montr\u00e9. Les auberges de jeunesse et certains h\u00f4tels sont des endroits parfaits pour d\u00e9buter une tourn\u00e9e des bars. Vous verrez souvent des annonces affich\u00e9es \u00e0 la r\u00e9ception. 7 Participez \u00e0 un voyage organis\u00e9 Vous ignorez les r\u00e8gles que je vous ai enseign\u00e9es, parce que vous navez pas jug\u00e9 \u00e0 propos d\u00e9couter lexplicationque jen ai donn\u00e9e.Vous navez paslu, mes amis, la Grammaire que vous avez achet\u00e9e; cependant je ne vous ai conseill\u00e9 den faire lacquisition, que pour vous mettre \u00e0 port\u00e9e de faire une excellente provision de connaissances grammaticales. Les fables que mon oncle a lues au Lyc\u00e9e, lui ont ob-les verbes en ir et qui ont le participe pr\u00e9sent en issant prennent leur participe pass\u00e9 en radicali.   Source \u00e9v\u00e8nement et illustration : Toulouse M\u00e9tropole Castelginest27 avril-30 juinEn quelques mots : \u00c9vadez-vous.. Chez vous!Description : Chers Castelginestois,Comme vous le savez, les mesures gouvernementales actuelles imposent \u00e0.. <img decoding=\"async\" src=\"http:\/\/www.agence-perinel-seniors.fr\/wp-content\/uploads\/2017\/11\/IMG_5040.jpg\" alt=\"rencontre entre vous nous\" align=\"right\"> Nous avons lu les-beaux, plaidoyers que nous avions entendu prononcer, et nous les avons admir\u00e9s avec raison.-Les ariettes que nous avons entendu chanter aujourdhui, ont \u00e9t\u00e9 du go\u00fbt de tout le monde. Le dessin et la g\u00e9ographie, que votre s\u0153ur a \u00e9tudi\u00e9s, charmeront tous ses instants; elle samusera dans le silence du cabinet, lorsque ses compagnes para\u00eetront sennuyer.-Les prix et les couronnes que cet enfant a obtenus, ont flatt\u00e9 son amour-propre; japprouve la r\u00e9solution sinc\u00e8re quil a form\u00e9e de travailler plus fortement-encore, pour obtenir de nouveaux triomphes.-Jai d\u00e9cachet\u00e9 le paquet et la lettre quon ma apport\u00e9s ce malin, je ne sais par quelle m\u00e9prise ; mais je les ai renvoy\u00e9s tout de suite \u00e0 la personne \u00e0 qui on les avait destin\u00e9s.<\/p>\n","protected":false},"excerpt":{"rendered":"<p>rencontre entre vous nous<\/p>\n","protected":false},"author":1,"featured_media":0,"comment_status":"closed","ping_status":"closed","sticky":false,"template":"","format":"standard","meta":{"footnotes":""},"categories":[1],"tags":[],"_links":{"self":[{"href":"https:\/\/dig-stuttgart.de\/info\/wp-json\/wp\/v2\/posts\/5752"}],"collection":[{"href":"https:\/\/dig-stuttgart.de\/info\/wp-json\/wp\/v2\/posts"}],"about":[{"href":"https:\/\/dig-stuttgart.de\/info\/wp-json\/wp\/v2\/types\/post"}],"author":[{"embeddable":true,"href":"https:\/\/dig-stuttgart.de\/info\/wp-json\/wp\/v2\/users\/1"}],"replies":[{"embeddable":true,"href":"https:\/\/dig-stuttgart.de\/info\/wp-json\/wp\/v2\/comments?post=5752"}],"version-history":[{"count":1,"href":"https:\/\/dig-stuttgart.de\/info\/wp-json\/wp\/v2\/posts\/5752\/revisions"}],"predecessor-version":[{"id":5753,"href":"https:\/\/dig-stuttgart.de\/info\/wp-json\/wp\/v2\/posts\/5752\/revisions\/5753"}],"wp:attachment":[{"href":"https:\/\/dig-stuttgart.de\/info\/wp-json\/wp\/v2\/media?parent=5752"}],"wp:term":[{"taxonomy":"category","embeddable":true,"href":"https:\/\/dig-stuttgart.de\/info\/wp-json\/wp\/v2\/categories?post=5752"},{"taxonomy":"post_tag","embeddable":true,"href":"https:\/\/dig-stuttgart.de\/info\/wp-json\/wp\/v2\/tags?post=5752"}],"curies":[{"name":"wp","href":"https:\/\/api.w.org\/{rel}","templated":true}]}}