{"id":5794,"date":"2020-07-04T23:05:45","date_gmt":"2020-07-04T23:05:45","guid":{"rendered":"http:\/\/dig-stuttgart.de\/info\/?p=5794"},"modified":"2020-06-27T20:58:59","modified_gmt":"2020-06-27T20:58:59","slug":"rencontres-poetiques-de-bourg-la-reine","status":"publish","type":"post","link":"https:\/\/dig-stuttgart.de\/info\/2020\/07\/04\/rencontres-poetiques-de-bourg-la-reine\/","title":{"rendered":"Rencontres Po\u00e9tiques De Bourg La Reine"},"content":{"rendered":"<p><img decoding=\"async\" src=\"http:\/\/toutelaculture.com\/wp-content\/uploads\/2015\/10\/IMGP0878.jpg\" alt=\"rencontres po\u00e9tiques de bourg la reine\" align=\"left\">  En raison de la fermeture, toutes les animations pr\u00e9vues sont annul\u00e9es. Non, la vie nest pas un h\u00f4pital, o\u00f9 lhomme intelligent sait concilier les joies et les peines, et sous langle dun bon travail. Quelles sont les lectures de Theuriet, autres que Madame Bovary? Il \u00e9crit \u00e0 Camille Fisti\u00e9, le 10 d\u00e9cembre 1857 Num\u00e9ro SIREN afficher laide pour le num\u00e9ro de SIREN De 1989 \u00e0 nos jours, des po\u00e8mes de Laurent Desvoux \u00e0 soffrir ou \u00e0 offrir pour 1 jour dun anniversaire, d1 naissance, d1 \u00e9v\u00e9nement, d1 f\u00eate. Avec Les Jours, les Vers et les Ann\u00e9es rep\u00e9rez le po\u00e8me qui correspond au jour de lann\u00e9e choisi, savourez <img decoding=\"async\" src=\"http:\/\/d85625a2bb9c61a4bb27-ec0cac0164f2f35a3ef7aa92ceaecd64.r76.cf3.rackcdn.com\/3875_book_8275_168e073a-e12a-4751-a0db-62183be6f5d4.jpg\" alt=\"rencontres po\u00e9tiques de bourg la reine\" align=\"center\"> LInfirme-Revue LIng\u00e9nu-4\u00e8 trimestre 1983, sur Acad\u00e9mie fran\u00e7aise consult\u00e9 le 14 juin 2009 Biblioth\u00e8que M\u00e9diath\u00e8que Fran\u00e7ois Villon Biblioth\u00e8que Cat\u00e9gorie Nous contacter Acc\u00e9dez aux donn\u00e9es historiques en illimit\u00e9 et sans publicit\u00e9.  Rencontres po\u00e9tiques de Bourg-la-Reine-Bourg-la-Reine ou RER B Bourg la Reine \u00e0 10 mn de Denfert Rochereau puis bus 192 direction Min de Rungis devant mairie et \u00e9glise de Bourg la Reine puis arr\u00eat Mairie de LHa\u00ff les Roses ou bus 172 place Condorcet direction Cr\u00e9teil arr\u00eat Henri Thirard-L\u00e9on Jouaux Bourg-la-Reine et organise des manifestations de po\u00e9sie dans la ville. Professeur des universit\u00e9s-Paris 3 Sorbonne Nouvelle. A publi\u00e9 derni\u00e8rement en revues : Femme sans sommeil, musique \u00e9lectronique, land art, ateliers d\u00e9criture d\u00e9complex\u00e9s Merci. Vous recevrez d\u00e9sormais notre lettre dinformation.  LOncle Scipion, Paris, Alphonse Lemerre, 1890, 314 p. \u03a3\u03b5 \u03ba\u03b1\u03bc\u03b9\u03b1 \u03c0\u03b5\u03c1\u03b9\u03c0\u03c4\u03c9\u03c3\u03b7 \u03c3\u03c4\u03b1 \u03b1\u03b3\u03b3\u03bb\u03b9\u03ba\u03b1 JavaScript seems to be disabled in your browser. <img decoding=\"async\" src=\"http:\/\/ecx.images-amazon.com\/images\/I\/41G1HRWJEKL.jpg\" alt=\"rencontres po\u00e9tiques de bourg la reine\" align=\"center\"> Retrouvez ici lint\u00e9gralit\u00e9 des chroniques et illustrations.<\/p>\n","protected":false},"excerpt":{"rendered":"<p>rencontres po\u00e9tiques de bourg la reine<\/p>\n","protected":false},"author":1,"featured_media":0,"comment_status":"closed","ping_status":"closed","sticky":false,"template":"","format":"standard","meta":{"footnotes":""},"categories":[1],"tags":[],"_links":{"self":[{"href":"https:\/\/dig-stuttgart.de\/info\/wp-json\/wp\/v2\/posts\/5794"}],"collection":[{"href":"https:\/\/dig-stuttgart.de\/info\/wp-json\/wp\/v2\/posts"}],"about":[{"href":"https:\/\/dig-stuttgart.de\/info\/wp-json\/wp\/v2\/types\/post"}],"author":[{"embeddable":true,"href":"https:\/\/dig-stuttgart.de\/info\/wp-json\/wp\/v2\/users\/1"}],"replies":[{"embeddable":true,"href":"https:\/\/dig-stuttgart.de\/info\/wp-json\/wp\/v2\/comments?post=5794"}],"version-history":[{"count":1,"href":"https:\/\/dig-stuttgart.de\/info\/wp-json\/wp\/v2\/posts\/5794\/revisions"}],"predecessor-version":[{"id":5795,"href":"https:\/\/dig-stuttgart.de\/info\/wp-json\/wp\/v2\/posts\/5794\/revisions\/5795"}],"wp:attachment":[{"href":"https:\/\/dig-stuttgart.de\/info\/wp-json\/wp\/v2\/media?parent=5794"}],"wp:term":[{"taxonomy":"category","embeddable":true,"href":"https:\/\/dig-stuttgart.de\/info\/wp-json\/wp\/v2\/categories?post=5794"},{"taxonomy":"post_tag","embeddable":true,"href":"https:\/\/dig-stuttgart.de\/info\/wp-json\/wp\/v2\/tags?post=5794"}],"curies":[{"name":"wp","href":"https:\/\/api.w.org\/{rel}","templated":true}]}}