{"id":5834,"date":"2020-07-04T00:49:09","date_gmt":"2020-07-04T00:49:09","guid":{"rendered":"http:\/\/dig-stuttgart.de\/info\/?p=5834"},"modified":"2020-06-27T21:27:07","modified_gmt":"2020-06-27T21:27:07","slug":"lieu-rencontre-accompagnement-biarritz","status":"publish","type":"post","link":"https:\/\/dig-stuttgart.de\/info\/2020\/07\/04\/lieu-rencontre-accompagnement-biarritz\/","title":{"rendered":"Lieu Rencontre Accompagnement Biarritz"},"content":{"rendered":"<p>R\u00e9gis Claudon, Directeur commercial Groupe Seixo Habitat, Bayonne. Pour les rassemblements en grand nombre, comme on peut lanticiper pour ce contre sommet, lEtat se doit de garantir lordre public. Du c\u00f4t\u00e9 municipal, sous lautorit\u00e9 de M. Le Maire, les adjoints, les \u00e9lus et les services municipaux participent et animent les r\u00e9unions avec les services de lEtat et les organisateurs du contre sommet. La volont\u00e9 de tous est que ce contre-G7 soit pacifique et se passe dans les meilleures conditions possibles dans la tradition de laccueil du Pays Basque. Souhaitant d\u00e9velopper une culture g\u00e9rontologique partag\u00e9e comme lesprit du R\u00e9seau des EHPAD du Pays-Basque, le REBS a pu se construire avec le soutien financier du D\u00e9partement. De lancienne A2 \u00e9tant r\u00e9alis\u00e9 par la ligne 4, non comptabilis\u00e9e \u00e0 ce stade, et le Trambus. \u00c0 noter En confiance Profils complets, v\u00e9rifications, avis : recrutez sereinement. Un formateur en cat\u00e9ch\u00e8se a la t\u00e2che daider les cat\u00e9ch\u00e8tes et les \u00e9quipes de cat\u00e9ch\u00e8se \u00e0 instruire les membres de lEglise dans la connaissance de J\u00e9sus-Christ et \u00e0 les pr\u00e9parer \u00e0 r\u00e9pondre de lesp\u00e9rance qui est en eux. T\u00e9moin de lEvangile aupr\u00e8s des jeunes comme des a\u00een\u00e9s, il met \u00e0 leur service son savoir, la ferveur de sa foi et ses comp\u00e9tences en animation et en formation. Il propose des formations, des rencontres, des \u00e9v\u00e9nements. Vous souhaitez int\u00e9grer la Section Sportive pour la saison 2020-2021. Adapter votre salle de bain cest dabord recenser les gestes qui doivent \u00eatre compens\u00e9 et les aspects m\u00e9dicaux \u00e0 prendre en compte. Cest aussi int\u00e9grer \u00e0 la r\u00e9flexion les aspects li\u00e9s \u00e0 votre environnement, vos habitudes de vie, votre entourage. Mardi 2 juillet 14h30 \u00e0 16h30 Maison pour Tous-Anglet Nous avons confi\u00e9 la garde de notre fils \u00e0 H\u00e9l\u00e8ne il y un an et demi et nous en sommes pleinement satisfaits. Disponible et \u00e0 l\u00e9coute, le bien \u00eatre et l\u00e9panouissement des enfants sont au centre de ses pr\u00e9occupations.  Parce quun m\u00e9nage de qualit\u00e9 cest surtout un m\u00e9nage r\u00e9gulier, nos \u00e9quipes interviennent chaque semaine et donnent de la fra\u00eecheur \u00e0 votre int\u00e9rieur.  Monsieur le Maire r\u00e9pond \u00e0 une p\u00e9tition des commer\u00e7ants Le Smart Fipa, laboratoire des tendances d\u00e9di\u00e9 \u00e0 la cr\u00e9ation digitale et aux expressions nouvelles, met linnovation au c\u0153ur du festival. <img decoding=\"async\" src=\"http:\/\/www.asso-caminante.fr\/wp-content\/uploads\/2017\/04\/Bayonne-1-2.jpg\" alt=\"lieu rencontre accompagnement biarritz\" align=\"center\"> <img decoding=\"async\" src=\"http:\/\/www.immobilierecologique.fr\/public\/img\/itwpro\/1plmdt\/Habitat-participatif-Bayonne-Biarritz-Anglet-64.jpg\" alt=\"lieu rencontre accompagnement biarritz\" align=\"left\"> D\u00e9coration dint\u00e9rieur Designer Appartement Maison Villa R\u00e9sidence H\u00f4tel Restaurant Particuliers Professionnels Cote Basque 64 Landes 40-Caroline Maccioni Designer D\u00e9coration dint\u00e9rieur Coaching shopping  Cette formation, anim\u00e9e par, est compos\u00e9e de 6 parties et dure environ 2 heures et 40 minutes. Association de familles de personnes pr\u00e9sentant un handicap psychique, assurant la gestion dun GEM et la recherche de financements pour des h\u00e9bergements prot\u00e9g\u00e9s \u00e0 Oloron. <img decoding=\"async\" src=\"http:\/\/gaotland.tk\/images\/otf_destinations\/4\/parvis-de-la-cathedrale-de-reims-champagne-ardenne.jpg\" alt=\"lieu rencontre accompagnement biarritz\" align=\"right\"> Lacquisition des comp\u00e9tences n\u00e9cessaires \u00e0 la r\u00e9alisation des chantiers Venez d\u00e9couvrir ces nouvelles pratiques et \u00e9changer pour optimiser vos recrutements en fonction du march\u00e9, des comp\u00e9tences disponibles et en gardant lhumain au c\u0153ur de votre dispositif de recrutement! Le Maire sest, quant \u00e0 lui, dit confiant sur lorganisation de ce contre-G7 par les organismes locaux quil conna\u00eet bien. Lincertitude r\u00e9side dans les intentions des personnes qui viendront de lext\u00e9rieur. Jai obtenu la garantie dune pr\u00e9sence polici\u00e8re dense durant cet \u00e9v\u00e9nement, afin d\u00e9viter tout d\u00e9bordement Je dispose des places pour accueillir des enfants 5 jours par semaine \u00e0 mon domicile dans un cadre agr\u00e9able de 8h00 a 19h du lundi au vendredi. Afin d\u00e9valuer avec pr\u00e9cision vos besoin et vos attentes un conseiller se d\u00e9placera \u00e0 votre domicile. Il prendra le temps de vous pr\u00e9senter notre fonctionnement et de relever lensemble des \u00e9l\u00e9ments qui lui permettra de personnaliser le service. Les d\u00e9fis du num\u00e9rique en Pays Basque int\u00e9rieur \u00e0 Saint-Jean-Le Vieux.<\/p>\n","protected":false},"excerpt":{"rendered":"<p>lieu rencontre accompagnement biarritz<\/p>\n","protected":false},"author":1,"featured_media":0,"comment_status":"closed","ping_status":"closed","sticky":false,"template":"","format":"standard","meta":{"footnotes":""},"categories":[1],"tags":[],"_links":{"self":[{"href":"https:\/\/dig-stuttgart.de\/info\/wp-json\/wp\/v2\/posts\/5834"}],"collection":[{"href":"https:\/\/dig-stuttgart.de\/info\/wp-json\/wp\/v2\/posts"}],"about":[{"href":"https:\/\/dig-stuttgart.de\/info\/wp-json\/wp\/v2\/types\/post"}],"author":[{"embeddable":true,"href":"https:\/\/dig-stuttgart.de\/info\/wp-json\/wp\/v2\/users\/1"}],"replies":[{"embeddable":true,"href":"https:\/\/dig-stuttgart.de\/info\/wp-json\/wp\/v2\/comments?post=5834"}],"version-history":[{"count":1,"href":"https:\/\/dig-stuttgart.de\/info\/wp-json\/wp\/v2\/posts\/5834\/revisions"}],"predecessor-version":[{"id":5835,"href":"https:\/\/dig-stuttgart.de\/info\/wp-json\/wp\/v2\/posts\/5834\/revisions\/5835"}],"wp:attachment":[{"href":"https:\/\/dig-stuttgart.de\/info\/wp-json\/wp\/v2\/media?parent=5834"}],"wp:term":[{"taxonomy":"category","embeddable":true,"href":"https:\/\/dig-stuttgart.de\/info\/wp-json\/wp\/v2\/categories?post=5834"},{"taxonomy":"post_tag","embeddable":true,"href":"https:\/\/dig-stuttgart.de\/info\/wp-json\/wp\/v2\/tags?post=5834"}],"curies":[{"name":"wp","href":"https:\/\/api.w.org\/{rel}","templated":true}]}}