{"id":5852,"date":"2020-07-04T00:57:56","date_gmt":"2020-07-04T00:57:56","guid":{"rendered":"http:\/\/dig-stuttgart.de\/info\/?p=5852"},"modified":"2020-06-27T21:33:07","modified_gmt":"2020-06-27T21:33:07","slug":"rencontre-plage-33","status":"publish","type":"post","link":"https:\/\/dig-stuttgart.de\/info\/2020\/07\/04\/rencontre-plage-33\/","title":{"rendered":"Rencontre Plage 33"},"content":{"rendered":"<p>Plage de la Lagune \u00e0 Pyla-sur-Mer Informations sur la Plage de la Lagune \u00e0 Pyla-sur-Mer et au sud tu prend ton velo et tu as la cote a toi! D\u00e9claration de Bernard Laporte, Pr\u00e9sident de la FFR : A63 Parking de Lugos entre sorties 20 et 21 2 sens PAIEMENT S\u00c9CURIS\u00c9Toutes les transactions sont s\u00e9curis\u00e9es Offre Relax : on vous rembourse \u00e0 100 imm\u00e9diatement  <img decoding=\"async\" src=\"http:\/\/handitourguide.com\/wp-content\/uploads\/2017\/06\/Photo-plage-accessible-Costa-Rica.png\" alt=\"rencontre plage 33\" align=\"left\"> Pour contacter l\u00e9quipe de mod\u00e9rateurs, utilisez ladresse \u00e9lectronique suivante: Vous pouvez vous abonner aux notifications du site de Sputnik  information permanente de tous les bons plans TransGironde et de toutes les actualit\u00e9s Laire est commune aux deux sens de circulation. Le parking est en longueur. Les voitures se garent \u00e0 droite et les camions \u00e0 gauche. Sur la droite, un bois est accessible par 2 petits chemins. Il y a des tables de pique-nique ombrag\u00e9es. La drague se fait sur le parking ou \u00e0 lor\u00e9e du bois. Les derni\u00e8res places de stationnement sont id\u00e9ales pour mater lactivit\u00e9 dans le bois. De nombreux routiers la nuit.  <img decoding=\"async\" src=\"http:\/\/www.hairmeeytwardrobe.gq\/2982-home_default\/papier-peint-mural-mariee-berbere.jpg\" alt=\"rencontre plage 33\" align=\"left\"> La Pologne a annonc\u00e9 la r\u00e9ouverture le 18 mai des salons de coiffure, caf\u00e9s et restaurants. Et la Colombie autorise le d\u00e9confinement de la population dans 90 municipalit\u00e9s. Duo artistique avec Francis Peduzzi, directeur du Channel, sc\u00e8ne nationale de Calais Le s\u00e9jour serait agr\u00e9able si il ny avait pas eu ce manque deau chaude et de propret\u00e9 dans les sanitaires. Vous avez bient\u00f4t un premier rendez-vous amoureux? Peut-\u00eatre est-ce un speed dating? Voici les 8 erreurs \u00e0 \u00e9viter \u00e0.. Location kit b\u00e9b\u00e9 chaise, lit et baignoire : 30semaine. Le kit b\u00e9b\u00e9 est offert en basse saison offre non r\u00e9troactive. Balade sur lestuaire Sous le signe de limmensit\u00e9 et de la tranquilit\u00e9 Couples le jeudi \u00e0 partir de 22h et hommes seuls accept\u00e9s S\u00e9lectionn\u00e9 par le guide GaultMillau pour \u00eatre Chef de lann\u00e9e face \u00e0 Arnaud Lallemant <img decoding=\"async\" src=\"http:\/\/www.careevents.net\/wp-content\/uploads\/2017\/08\/GRA_85_Evasion-Port-El-Kantaoui-1-2-730x1024.jpg\" alt=\"rencontre plage 33\" align=\"center\"> Les h\u00e9bergements\u00c0 400 m du port et des commerces, la R\u00e9sidence les pieds dans leau donne sur le lac dHourtin Carcans. Les appartements et.. Catherine Koenig de latelier Arts et Bois \u00e0 Belgod\u00e8re Envie de vous d\u00e9tendre? Profitez de notre bain \u00e0 remous quelques instants. Chauff\u00e9.<\/p>\n","protected":false},"excerpt":{"rendered":"<p>rencontre plage 33<\/p>\n","protected":false},"author":1,"featured_media":0,"comment_status":"closed","ping_status":"closed","sticky":false,"template":"","format":"standard","meta":{"footnotes":""},"categories":[1],"tags":[],"_links":{"self":[{"href":"https:\/\/dig-stuttgart.de\/info\/wp-json\/wp\/v2\/posts\/5852"}],"collection":[{"href":"https:\/\/dig-stuttgart.de\/info\/wp-json\/wp\/v2\/posts"}],"about":[{"href":"https:\/\/dig-stuttgart.de\/info\/wp-json\/wp\/v2\/types\/post"}],"author":[{"embeddable":true,"href":"https:\/\/dig-stuttgart.de\/info\/wp-json\/wp\/v2\/users\/1"}],"replies":[{"embeddable":true,"href":"https:\/\/dig-stuttgart.de\/info\/wp-json\/wp\/v2\/comments?post=5852"}],"version-history":[{"count":1,"href":"https:\/\/dig-stuttgart.de\/info\/wp-json\/wp\/v2\/posts\/5852\/revisions"}],"predecessor-version":[{"id":5853,"href":"https:\/\/dig-stuttgart.de\/info\/wp-json\/wp\/v2\/posts\/5852\/revisions\/5853"}],"wp:attachment":[{"href":"https:\/\/dig-stuttgart.de\/info\/wp-json\/wp\/v2\/media?parent=5852"}],"wp:term":[{"taxonomy":"category","embeddable":true,"href":"https:\/\/dig-stuttgart.de\/info\/wp-json\/wp\/v2\/categories?post=5852"},{"taxonomy":"post_tag","embeddable":true,"href":"https:\/\/dig-stuttgart.de\/info\/wp-json\/wp\/v2\/tags?post=5852"}],"curies":[{"name":"wp","href":"https:\/\/api.w.org\/{rel}","templated":true}]}}