{"id":5856,"date":"2020-07-04T00:37:21","date_gmt":"2020-07-04T00:37:21","guid":{"rendered":"http:\/\/dig-stuttgart.de\/info\/?p=5856"},"modified":"2020-06-27T21:38:04","modified_gmt":"2020-06-27T21:38:04","slug":"rencontre-2-ce-soir","status":"publish","type":"post","link":"https:\/\/dig-stuttgart.de\/info\/2020\/07\/04\/rencontre-2-ce-soir\/","title":{"rendered":"Rencontre 2 Ce Soir"},"content":{"rendered":"<p>Td classprog onClicklocation.hrefjournal20-heures-1499839div classb_d prog1img srchttp:img.nealis.frptvimgpp10099513.jpg height94 alt20 heures classimg_prog div classtv rouge right t22 line2ldivJournalbra hrefjournal20-heures-1499839 classtitre b20 heuresabr35 mndivtd RT xavreivax: Et donc au FESTIVALLORIENT, avec TelegLorient LeTelegramme, on a fait des tutos pour vivre le FIL2019 :! Le 1er est Sat Aug 03 10:52:21 0000 2019 <img decoding=\"async\" src=\"http:\/\/3.bp.blogspot.com\/-lbDzwJdEAG4\/Te-69FpdnXI\/AAAAAAAAq6s\/k-CqfheFNDA\/s600\/2011-06-08%2Bcoccinelle.jpg\" alt=\"rencontre 2 ce soir\" align=\"left\"> <img decoding=\"async\" src=\"http:\/\/img.over-blog-kiwi.com\/2\/09\/12\/84\/20180311\/ob_77fd5d_zoneinterdite.JPG\" alt=\"rencontre 2 ce soir\" align=\"right\">  Limmunologiste Fr\u00e9d\u00e9ric Altare, directeur du d\u00e9partement dimmunologie au Centre de recherche en canc\u00e9rologie et immunologie Nantes-Angers, r\u00e9pond aux questions de la Ligue contre lob\u00e9sit\u00e9. Ce sp\u00e9cialiste de la r\u00e9gulation des r\u00e9ponses inflammatoires dresse un \u00e9tat des lieux des relations entre ob\u00e9sit\u00e9 et coronavirus SARS-CoV-2. Au soir du 12 mars, lors de sa toute premi\u00e8re intervention, le chef de lEtat a expliqu\u00e9 quil fallait prot\u00e9ger, en priorit\u00e9, les personnes fragiles, et nomment celles qui souffraient dob\u00e9sit\u00e9. Savait-on d\u00e9j\u00e0 les risques quelles encourraient? Romain Lafabregue, sur SudOuest.fr, 21 mai 2015. Ne manquez pas le d\u00c3but, vous la connaissez tous\u00e2 La voici enfin consacr\u00c3e! Cest notre Karine Clin doeil! Dans cette nouvelle saison, les gal\u00e8res dIssa et Molly ne vont pas en sarrangeant. Dur, dur d\u00eatre une jeune femme \u00e0 L.A. Heureusement, elles avancent toujours dans la vie avec flamboyance Ligue 2 : Ce match vaut de lor, estime le coach de Chambly Bruno Luzi consid\u00e8re quune victoire ce vendredi contre Niort lors de lavant-dernier match de lann\u00e9e est capitale dans loptique du maintien en Ligue 2. Apr\u00e8s David Pujadas va interroger Angela Merkel depuis Berlin. Un entretien diffus\u00e9 ce jeudi soir lors du JT. Tabletable cellspacing0 cellpadding0 classtab_grille Brest Arena ouvrira ses portes \u00e0 19 h le coup denvoi du match aura lieu \u00e0 20 h 45. La salle sera en configuration basket pour que les spectateurs voient mieux les \u00e9crans. Au sein du Groupe VW, lorsquon compare les nouvelles compactes Seat Leon, Audi A3, VW Golf et Skoda Octavia qui reposent.. 21 oct. 2019 Coupe de France 6e tour : La date et lhoraire du match d\u00e9voil\u00e9s <img decoding=\"async\" src=\"http:\/\/prd2-bone-image.s3-website-eu-west-1.amazonaws.com\/TEL.video\/2018\/01\/12\/3b31746d-86f2-4073-ac96-9b2f4a4c5fcf.jpeg\" alt=\"rencontre 2 ce soir\" align=\"left\"> Le gendarme se marie, \u00e0 20h50 sur La Une-Trois \u00e9toiles La punchline: Il y a 65 millions de Fran\u00e7ais qui attendent davoir un tr\u00e8s bon avocat, r\u00e9pond Marine Le Pen lorsquon lui demande si sa pr\u00e9c\u00e9dente carri\u00e8re davocate lui manque. Je nai pas chang\u00e9 de vocation, conclut-elle. Fran\u00e7ois Asselineau  Newsletter Sport : Recevez chaque jour toutes les infos sportives  Ce match sera loccasion pour le FC Sochaux de porter pour la premi\u00e8re fois son maillot blanc, tandis que pendant les 5 matchs de pr\u00e9paration, les joueurs portaient le maillot domicile \u00e0 dominante jaune, puis leur nouvelle tunique Third lors de la rencontre face \u00e0 Dijon. Tabletable cellspacing0 cellpadding0 classtab_grille td classlogo_chaine_ga hrefchainefrance-2img srchttp:img.nealis.frptvimgchaineg2.png altProgramme france 2 atd This website is using a security service to protect itself from online attacks. The action you just performed triggered the security solution. There are several actions that could trigger this block including submitting a certain word or phrase, a SQL command or malformed data. Le Programme TV de FRANCE 2-ce soir, cette semaine et m\u00eame hier! D\u00e9couvrez quelques images de ce qui vous attend dans ce t\u00e9l\u00e9film touchant.<\/p>\n","protected":false},"excerpt":{"rendered":"<p>rencontre 2 ce soir<\/p>\n","protected":false},"author":1,"featured_media":0,"comment_status":"closed","ping_status":"closed","sticky":false,"template":"","format":"standard","meta":{"footnotes":""},"categories":[1],"tags":[],"_links":{"self":[{"href":"https:\/\/dig-stuttgart.de\/info\/wp-json\/wp\/v2\/posts\/5856"}],"collection":[{"href":"https:\/\/dig-stuttgart.de\/info\/wp-json\/wp\/v2\/posts"}],"about":[{"href":"https:\/\/dig-stuttgart.de\/info\/wp-json\/wp\/v2\/types\/post"}],"author":[{"embeddable":true,"href":"https:\/\/dig-stuttgart.de\/info\/wp-json\/wp\/v2\/users\/1"}],"replies":[{"embeddable":true,"href":"https:\/\/dig-stuttgart.de\/info\/wp-json\/wp\/v2\/comments?post=5856"}],"version-history":[{"count":1,"href":"https:\/\/dig-stuttgart.de\/info\/wp-json\/wp\/v2\/posts\/5856\/revisions"}],"predecessor-version":[{"id":5857,"href":"https:\/\/dig-stuttgart.de\/info\/wp-json\/wp\/v2\/posts\/5856\/revisions\/5857"}],"wp:attachment":[{"href":"https:\/\/dig-stuttgart.de\/info\/wp-json\/wp\/v2\/media?parent=5856"}],"wp:term":[{"taxonomy":"category","embeddable":true,"href":"https:\/\/dig-stuttgart.de\/info\/wp-json\/wp\/v2\/categories?post=5856"},{"taxonomy":"post_tag","embeddable":true,"href":"https:\/\/dig-stuttgart.de\/info\/wp-json\/wp\/v2\/tags?post=5856"}],"curies":[{"name":"wp","href":"https:\/\/api.w.org\/{rel}","templated":true}]}}