{"id":5874,"date":"2020-07-04T14:27:30","date_gmt":"2020-07-04T14:27:30","guid":{"rendered":"http:\/\/dig-stuttgart.de\/info\/?p=5874"},"modified":"2020-06-27T21:45:44","modified_gmt":"2020-06-27T21:45:44","slug":"rencontre-uoif-bourget-2012","status":"publish","type":"post","link":"https:\/\/dig-stuttgart.de\/info\/2020\/07\/04\/rencontre-uoif-bourget-2012\/","title":{"rendered":"Rencontre Uoif Bourget 2012"},"content":{"rendered":"<p>Projet dint\u00e9r\u00eat d\u00e9partemental destin\u00e9 \u00e0 faire rayonner le patrimoine et red\u00e9couvrir lHistoire du Poitou, lHistorial du Poitou ouvrira ses portes dans lenceinte du ch\u00e2teau de Monts-sur-Guesnes en 2022. Des policiers ont exprim\u00e9 leur col\u00e8re en manifestant sur les Champs-Elys\u00e9es  lassociation Comme \u00e0 la maison qui chapeaute le collectif. Laccueil de nos arguments a \u00e9t\u00e9 favorable. Mais pour le moment, rien dans son programme.. Je vous invite \u00e0 \u00e9couter les discours des responsables musulmans et darr\u00eater de mentir consciemment pour faire peur, pour soulever les fran\u00e7ais les uns contre les autres. De source polici\u00e8re, aucun incident na \u00e9maill\u00e9 le rassemblement de lUnion des organisations islamiques de France au Parc des Expositions qui, selon un comptage policier, a r\u00e9uni quelque 41.000 personnes dans la journ\u00e9e. R\u00e9union annuelle de lUOIF le 4 avril 2010 archives Cr\u00e9dit : AFP PHOTO BERTRAND GUAY <img decoding=\"async\" src=\"http:\/\/www.pageshalal.fr\/images\/ramf_bourget_2014_live_2.png\" alt=\"rencontre uoif bourget 2012\" align=\"left\"> Elle organise chaque ann\u00e9e cette Rencontre annuelle des musulmans de France, qui r\u00e9unit des milliers de participants. Le ministre de lInt\u00e9rieur Claude Gu\u00e9ant a assur\u00e9 vendredi que les pouvoirs publics seraient tr\u00e8s attentifs \u00e0 ce 29\u00e8me Rassemblement des musulmans de France, o\u00f9 la police veillera \u00e0 ce quaucune femme int\u00e9gralement voil\u00e9e ne se trouve dans lespace public. Le port du niqab est interdit depuis avril 2011. Bon, quoiquil en soit, ou en laine je me tire ailleurs s\u00e9n\u00e9galais <img decoding=\"async\" src=\"http:\/\/img15.hostingpics.net\/pics\/976393MosqueAgenUOIFFrresMusulmans2.png\" alt=\"rencontre uoif bourget 2012\" align=\"right\"> De part et dautre de ce grand hall marchand, une \u00e9norme salle de pri\u00e8re pour les hommes et une autre pour les femmes, o\u00f9 se succ\u00e8dent les pr\u00e9dicateurs vedettes de la galaxie des Fr\u00e8res. Le Saoudien qui a \u00e9t\u00e9 invit\u00e9 pour remplacer Youssef al-Qaradwi, interdit par les autorit\u00e9s fran\u00e7aises, est sans doute encore plus traditionaliste que lui. Tout cela est ridicule. Cest tout un art de r\u00e9citer les versets. Jadore, t\u00e9moigne Kader, venu passer lapr\u00e8s-midi. <img decoding=\"async\" src=\"http:\/\/www.strategy.footnotes.us\/wp-content\/uploads\/2018\/08\/LILAS-440x330.jpg\" alt=\"rencontre uoif bourget 2012\" align=\"right\"> Salon de lUOIF : Il y a les Fran\u00e7ais et il y a les musulmans.. 29 mars 2012 Remise de la m\u00e9daille dor des meilleurs apprentis de France  Le fond, la forme et la personne sont surprenants! Religion Michel Dubost explique pourquoi il est all\u00e9 au rassemblement des musulmans au Bourget Faut-il en d\u00e9duire que lUOIF est la voix dun Islam radical? Il fut un temps o\u00f9, au contraire, elle \u00e9tait pl\u00e9biscit\u00e9e comme une institution pouvant permettre le rapprochement entre les musulmans et la R\u00e9publique fran\u00e7aise. Nicolas Sarkozy est le premier \u00e0 lui tendre la main en 2003. Alors ministre de lInt\u00e9rieur, il cr\u00e9\u00e9 le Conseil fran\u00e7ais du culte musulman au sein duquel lUOIF obtient un tiers des voix. Linstance, dont les liens avec les Fr\u00e8res musulmans sont connus depuis toujours, se voit ainsi offrir une reconnaissance nouvelle. Ces commentaires nengagent que leurs auteurs, la r\u00e9daction nen est, en aucun cas, responsable du contenu. LUOIF, r\u00e9put\u00e9e d\u00e9fendre un islam fondamentaliste proche de celui des Fr\u00e8res musulmans, si\u00e8ge au Conseil fran\u00e7ais du culte musulman, cr\u00e9\u00e9 sous la houlette de Nicolas Sarkozy lorsquil \u00e9tait ministre de lInt\u00e9rieur. Le vote communautaire cest un mythe Hollande est pass\u00e9 pour se d\u00e9barrasser de Sarko.  Il faut dire que la pr\u00e9c\u00e9dente \u00e9dition avait \u00e9t\u00e9 sacr\u00e9ment faite, en pleine campagne pr\u00e9sidentielle, par le pr\u00e9sident dalors de refuser le territoire \u00e0 six pr\u00e9dicateurs. Parmi eux, Youssef al-Qaradawi, pr\u00e9dicateur vedette de la cha\u00eene Al-Jazeera et sommit\u00e9 du monde musulman, qui l\u00e9gitime les attentats suicides en expliquant que cest la justice divine qui sop\u00e8re, Dieu offre aux faibles une arme dauto-d\u00e9fense contre laquelle les forts ne peuvent rien malgr\u00e9 tout leur arsenal militaire et nucl\u00e9aire d\u00e9claration faite le 25 avril 2004 sur Al-Jazeera et repris dans. Dans un discours enflamm\u00e9 de plusieurs minutes, Amar Lasfar na pas eu de mots assez forts pour faire l\u00e9loge du pr\u00e9dicateur accus\u00e9, selon lui injustement, de multiples viols. Les mots \u00e9taient si forts quil nen a pas eu un seul pour les plaignantes. La pr\u00e9somption dinnocence nemp\u00eache pas la prise en consid\u00e9ration de la parole des plaignantes, et encore moins une condamnation des insultes ignobles et des menaces de mort quelles re\u00e7oivent depuis leur d\u00e9p\u00f4t de plainte. Tout est fait pour les d\u00e9cr\u00e9dibiliser et dissuader toute autre victime pr\u00e9sum\u00e9e de se manifester. En observant la vision de la femme expos\u00e9e dans les diff\u00e9rents stands, les jouets ou les livres vendus, ce d\u00e9ni des femmes potentiellement victimes de viols est coh\u00e9rent avec lint\u00e9gralit\u00e9 de cette Rencontre. Cest aussi en coh\u00e9rence avec les militants de FreeTariqRamadan. Le syst\u00e8me darmes du SNLE Le T\u00e9m\u00e9raire coupl\u00e9 au missile balistique strat\u00e9gique M51 a \u00e9t\u00e9 valid\u00e9 en conditions op\u00e9rationnelles..<\/p>\n","protected":false},"excerpt":{"rendered":"<p>rencontre uoif bourget 2012<\/p>\n","protected":false},"author":1,"featured_media":0,"comment_status":"closed","ping_status":"closed","sticky":false,"template":"","format":"standard","meta":{"footnotes":""},"categories":[1],"tags":[],"_links":{"self":[{"href":"https:\/\/dig-stuttgart.de\/info\/wp-json\/wp\/v2\/posts\/5874"}],"collection":[{"href":"https:\/\/dig-stuttgart.de\/info\/wp-json\/wp\/v2\/posts"}],"about":[{"href":"https:\/\/dig-stuttgart.de\/info\/wp-json\/wp\/v2\/types\/post"}],"author":[{"embeddable":true,"href":"https:\/\/dig-stuttgart.de\/info\/wp-json\/wp\/v2\/users\/1"}],"replies":[{"embeddable":true,"href":"https:\/\/dig-stuttgart.de\/info\/wp-json\/wp\/v2\/comments?post=5874"}],"version-history":[{"count":1,"href":"https:\/\/dig-stuttgart.de\/info\/wp-json\/wp\/v2\/posts\/5874\/revisions"}],"predecessor-version":[{"id":5875,"href":"https:\/\/dig-stuttgart.de\/info\/wp-json\/wp\/v2\/posts\/5874\/revisions\/5875"}],"wp:attachment":[{"href":"https:\/\/dig-stuttgart.de\/info\/wp-json\/wp\/v2\/media?parent=5874"}],"wp:term":[{"taxonomy":"category","embeddable":true,"href":"https:\/\/dig-stuttgart.de\/info\/wp-json\/wp\/v2\/categories?post=5874"},{"taxonomy":"post_tag","embeddable":true,"href":"https:\/\/dig-stuttgart.de\/info\/wp-json\/wp\/v2\/tags?post=5874"}],"curies":[{"name":"wp","href":"https:\/\/api.w.org\/{rel}","templated":true}]}}