{"id":5878,"date":"2020-07-04T13:30:08","date_gmt":"2020-07-04T13:30:08","guid":{"rendered":"http:\/\/dig-stuttgart.de\/info\/?p=5878"},"modified":"2020-06-27T21:46:46","modified_gmt":"2020-06-27T21:46:46","slug":"rencontre-assise-jean-paul-ii-2","status":"publish","type":"post","link":"https:\/\/dig-stuttgart.de\/info\/2020\/07\/04\/rencontre-assise-jean-paul-ii-2\/","title":{"rendered":"Rencontre Assise Jean Paul Ii"},"content":{"rendered":"<p>LObs-Les marques ou contenus du site nouvelobs.com sont soumis \u00e0 la protection de la propri\u00e9t\u00e9 intellectuelle am\u00e9ricaine, d\u00e9j\u00e0 \u00e9clabouss\u00e9 par dautres affaires douteuses Cf. Fernando Qui dit paix dit aussi respect de la vie depuis la conception jusqu\u00e0 la mort naturelle. Paul VI lavait soulign\u00e9 dans son message de la paix de 1977. Le Pape y ajoute le respect de la cr\u00e9ation. Mais que dhypocrisies se cachent derri\u00e8re de faux semblants de paix. Le Pape les d\u00e9nonce \u00e0 nouveau, en condamnant les cyniques Pilates contemporains, et usant pour cela dexpressions parlantes quil faut bien comprendre. Il demande de ne pas rester sur le clavier de nos ordinateurs, sans ouvrir nos yeux aux n\u00e9cessit\u00e9s de nos fr\u00e8res. Nous devons atteindre les p\u00e9riph\u00e9ries existentielles qui sopposent \u00e0 la paix. Cela r\u00e9clame que chacun en prenne le bon chemin qui nest autre que celui de la v\u00e9ritable conversion : avant de vouloir gu\u00e9rir les maux des autres, nous devons nous gu\u00e9rir nous-m\u00eames. Plus il y aura de v\u00e9ritables saints, plus la vraie paix s\u00e9panouira. Je d\u00e9clare avoir lu la et jautorise le traitement de mes donn\u00e9es personnelles 11h10. Le film sur Ascoval au cin\u00e9ma a besoin dun coup de pouce 12h10. Le ministre de la Sant\u00e9 \u00e0 lAssembl\u00e9e nationale : Jinvite chacun \u00e0 \u00e9viter de se transformer en pr\u00e9dicateur de lapocalypse On ne doit pas penser que cette insistance sur le dialogue signale la fin CR SNTRS CGT du CT Inserm du 7 ami 2020 : CR_SNTRS_CGT_CT_Inserm_7_5_2020 Selon des proches de Meghan Markle, celle-ci est tr\u00e8s embarrass\u00e9e apr\u00e8s le d\u00e9rapage de sa meilleure amie Jessica Mulroney, qui a harcel\u00e9 et menac\u00e9 une.. Et pour conclure : Ce myst\u00e8re radieux radieux! de lunit\u00e9 des cr\u00e9atures.. Et de l\u0153uvre salvifique du Christ., sest manifest\u00e9 clairement \u00e0 Assise, malgr\u00e9 les diff\u00e9rences des professions religieuses, nullement cach\u00e9es ou att\u00e9nu\u00e9es. Affirmation \u00e9hont\u00e9e, dun indiff\u00e9rentisme religieux pleinement h\u00e9r\u00e9tique. Mais cest l\u00e0 le but du discours, et la suite va donc accumuler des arguments \u00e0 lappui de cette \u00e9normit\u00e9. LE GRAND DESSEIN QUI PR\u00c9SIDE \u00c0 LA CR\u00c9ATION..  base, n\u00e9es en Am\u00e9rique latine, caract\u00e9ris\u00e9es par la prise de parole des pauvres 3. Toutes les communes du d\u00e9partement sont dot\u00e9es en masques pour leurs habitants : les livraisons et distributions engag\u00e9es d\u00e8s le 11 mai continueront dans les prochains jours et les prochaines semaines. En particulier, pri\u00e8res contre le Covid-19, propos\u00e9es par les Bahais de Nice. \u00c9mission Le Temps de le dire-lundi 19 septembre \u00e0 9h  La premi\u00e8re Rencontre dAssise a eu lieu le 28 octobre 1986. A linitiative de Jean-Paul II, les repr\u00e9sentants des grandes religions du monde \u00e9taient invit\u00e9s \u00e0 prier pour la paix. Depuis, dautres rencotres interreligieuses ont eu lieu en 1993, en 2002 et en 2011.  D\u00e9couvrez nos offres 100 num\u00e9rique \u00e0 partir de 1 le premier mois Wadowice, dioc\u00e8se de Cracovie, 1920-Rome 2005, pape de 1978 \u00e0 2005. <img decoding=\"async\" src=\"http:\/\/idata.over-blog.com\/4\/41\/29\/41\/Jean-Paul-II\/Coloriages\/J-P-II-018.jpg\" alt=\"rencontre assise jean paul ii\" align=\"center\"> de par sa nature m\u00eame. Jean-Paul II, afin de stimuler lapplication <img decoding=\"async\" src=\"http:\/\/fracademic.com\/pictures\/frwiki\/74\/John_Paul_II_Polish_Parliament_1999_5.jpg\" alt=\"rencontre assise jean paul ii\" align=\"left\"> https:www.paris.catholique.fr est le site du Dioc\u00e8se de Paris, tous droits r\u00e9serv\u00e9s B\u00e9n\u00e9ficiez dune exposition publicitaire mod\u00e9r\u00e9e Paris, esplanade des Droits de lHomme, le 27 octobre 2011 dautres courants refusent g\u00e9n\u00e9ralement de faire, voilant ainsi la relativit\u00e9 du <img decoding=\"async\" src=\"http:\/\/img.over-blog-kiwi.com\/1\/28\/23\/52\/20150929\/ob_a12400_diapositive1.JPG\" alt=\"rencontre assise jean paul ii\" align=\"right\"> Le fait que nous soyons venus ici nimplique aucune intention de rechercher un consensus religieux entre nous, de mener une n\u00e9gociation sur nos convictions de foi. Il ne signifie pas non plus que les religions peuvent \u00eatre r\u00e9concili\u00e9es sur le plan dun engagement commun dans un projet terrestre qui les d\u00e9passerait toutes. Il nest pas non plus une concession au relativisme des croyances religieuses, car tout homme doit suivre honn\u00eatement sa conscience avec lintention de rechercher la v\u00e9rit\u00e9 et de lui ob\u00e9ir. Les masques command\u00e9s via la commande group\u00e9e port\u00e9e par le Conseil d\u00e9partemental ont fait lobjet dune premi\u00e8re livraison \u00e0 la gendarmerie cette semaine. Dans les prochains jours, la gendarmerie r\u00e9ceptionnera de nouvelles livraisons qui permettront de distribuer ces masques aupr\u00e8s des maires la semaine prochaine. Pour rappel, cette commande permettra de distribuer 448 000 masques. Il est possible pour les communes qui ne lauraient pas encore fait de b\u00e9n\u00e9ficier de cette commande group\u00e9e en prenant lattache des services du Conseil d\u00e9partemental par mail :.<\/p>\n","protected":false},"excerpt":{"rendered":"<p>rencontre assise jean paul ii<\/p>\n","protected":false},"author":1,"featured_media":0,"comment_status":"closed","ping_status":"closed","sticky":false,"template":"","format":"standard","meta":{"footnotes":""},"categories":[1],"tags":[],"_links":{"self":[{"href":"https:\/\/dig-stuttgart.de\/info\/wp-json\/wp\/v2\/posts\/5878"}],"collection":[{"href":"https:\/\/dig-stuttgart.de\/info\/wp-json\/wp\/v2\/posts"}],"about":[{"href":"https:\/\/dig-stuttgart.de\/info\/wp-json\/wp\/v2\/types\/post"}],"author":[{"embeddable":true,"href":"https:\/\/dig-stuttgart.de\/info\/wp-json\/wp\/v2\/users\/1"}],"replies":[{"embeddable":true,"href":"https:\/\/dig-stuttgart.de\/info\/wp-json\/wp\/v2\/comments?post=5878"}],"version-history":[{"count":1,"href":"https:\/\/dig-stuttgart.de\/info\/wp-json\/wp\/v2\/posts\/5878\/revisions"}],"predecessor-version":[{"id":5879,"href":"https:\/\/dig-stuttgart.de\/info\/wp-json\/wp\/v2\/posts\/5878\/revisions\/5879"}],"wp:attachment":[{"href":"https:\/\/dig-stuttgart.de\/info\/wp-json\/wp\/v2\/media?parent=5878"}],"wp:term":[{"taxonomy":"category","embeddable":true,"href":"https:\/\/dig-stuttgart.de\/info\/wp-json\/wp\/v2\/categories?post=5878"},{"taxonomy":"post_tag","embeddable":true,"href":"https:\/\/dig-stuttgart.de\/info\/wp-json\/wp\/v2\/tags?post=5878"}],"curies":[{"name":"wp","href":"https:\/\/api.w.org\/{rel}","templated":true}]}}