{"id":5900,"date":"2020-07-04T17:49:56","date_gmt":"2020-07-04T17:49:56","guid":{"rendered":"http:\/\/dig-stuttgart.de\/info\/?p=5900"},"modified":"2020-06-27T21:54:39","modified_gmt":"2020-06-27T21:54:39","slug":"lieu-de-vie-au-dela-de-la-rencontre","status":"publish","type":"post","link":"https:\/\/dig-stuttgart.de\/info\/2020\/07\/04\/lieu-de-vie-au-dela-de-la-rencontre\/","title":{"rendered":"Lieu De Vie Au Dela De La Rencontre"},"content":{"rendered":"<p>Le retentissement sera tout particuli\u00e8rement appr\u00e9ci\u00e9 par les difficult\u00e9s voire limpossibilit\u00e9 de r\u00e9aliser seul les actes essentiels de la vie. Le soin infirmier dans le domaine de la sant\u00e9 mentale Photo : Le bidonville Dharavi \u00e0 Bombay env. 800 000 hab. En France, les services dincendie et de secours assurent un large \u00e9ventail de missions op\u00e9rationnelles pour couvrir les risques courants fortes occurrences et faibles gravit\u00e9s, les risques particuliers faibles occurrences et fortes gravit\u00e9s et les risques \u00e9mergents nouveaux risques et ou en augmentation significative. Ils assurent au total 4,45 millions dinterventions par an, soit une intervention toutes les 7 secondes. <img decoding=\"async\" src=\"http:\/\/docplayer.fr\/docs-images\/54\/11718048\/images\/page_4.jpg\" alt=\"lieu de vie au dela de la rencontre\" align=\"left\">  Deux semaines apr\u00e8s notre rencontre, quelque chose nous poussait d\u00e9j\u00e0 \u00e0 vouloir cr\u00e9er une nouvelle vie et, une semaine plus tard, nous avons choisi de concevoir un enfant. Je suis tomb\u00e9e enceinte apr\u00e8s un mois de relation, par choix. Chaque \u00e9tape semblait \u00eatre la bonne chose \u00e0 faire, intuitivement et spirituellement, et nous avons maintenant une fille merveilleuse. On prendra en compte la possibilit\u00e9 de tenue de la t\u00eate d\u00e9ficit moteur, mouvements anormaux., le retentissement sur la mastication, la retenue de salive et les douleurs associ\u00e9es. Le taux variera \u00e0 lint\u00e9rieur de la fourchette en fonction de limportance de chaque \u00e9l\u00e9ment et de leur \u00e9ventuelle association. Conseil europ\u00e9en avant le 1 er juillet 2004, en vertu de larticle 47 de la loi constitutionnelle n Toutefois lexpert sera amen\u00e9 \u00e0 utiliser la partie haute de la fourchette indicative ou \u00e0 majorer les taux lorsque lappareil est mal support\u00e9 douleurs, excoriations fr\u00e9quentes, ne peut \u00eatre utilis\u00e9 que de fa\u00e7on intermittente ou dans certaines conditions seulement, ainsi que dans les cas o\u00f9 la prise en charge au titre l\u00e9gal nest pas totale. Vous pouvez solliciter une r\u00e9vision de votre plan daide si votre situation a \u00e9volu\u00e9. Pour cela vous devez adresser une nouvelle demande \u00e0 la. Lieu : B.C 1935 STRASBOURG-SCHILTIGHEIM-SCHILTIGHEIM de la privation dune activit\u00e9 de loisirs ou de sport. <img decoding=\"async\" src=\"http:\/\/docplayer.fr\/docs-images\/40\/971990\/images\/page_18.jpg\" alt=\"lieu de vie au dela de la rencontre\" align=\"right\"> lam\u00e8nerons aveugle au rassemblement. Coran 20:124 La facult\u00e9 des Lettres est lune des plus compl\u00e8tes et des plus importantes, en France et dans le monde, dans le domaine des arts, langues, lettres, sciences humaines et sociales. Ses domaines de sp\u00e9cialit\u00e9 sont multiples : les lettres classiques et modernes, les langues, lettres et civilisations \u00e9trang\u00e8res, la linguistique, la philosophie, la sociologie, lhistoire, la g\u00e9ographie, lhistoire de lart et larch\u00e9ologie, la musicologie, les sciences de linformation et de la communication, les sciences de l\u00e9ducation et la formation des enseignantes et enseignants. Le Conseil \u00e9conomique, social et environnemental peut \u00eatre consult\u00e9 par le Gouvernement et le Parlement sur tout probl\u00e8me de caract\u00e8re \u00e9conomique, social ou environnemental. Le Gouvernement peut \u00e9galement le consulter sur les projets de loi de programmation d\u00e9finissant les orientations pluriannuelles des finances publiques. Tout plan ou tout projet de loi de programmation \u00e0 caract\u00e8re \u00e9conomique, social ou environnemental lui est soumis pour avis. Autre enjeu pos\u00e9 par les EMI, la possibilit\u00e9 dentrer en relation avec les d\u00e9funts. Sil est recommand\u00e9 de prier pour nos d\u00e9funts et de faire dire des messes, le m\u00e9decin met en garde contre les moyens m\u00e9diumniques utilis\u00e9s pour garder une relation r\u00e9guli\u00e8re et suivie avec nos morts : Les psychologues le disent : quand il y a un deuil, il faut faire le deuil, cest-\u00e0-dire accepter que la personne nest plus l\u00e0 et quelle a sa vie \u00e0 elle, et nous la n\u00f4tre. Ce sp\u00e9cialiste t\u00e9moigne \u00e0 la mani\u00e8re de Bernadette, qui d\u00e9clarait \u00e0 propos des messages re\u00e7us par la Vierge : Je ne suis pas charg\u00e9e de vous le faire croire, je suis charg\u00e9e de vous le dire. LEMI est un appel \u00e0 semparer de la vie \u00e9ternelle. \u00c0 nous ouvrir \u00e0 cette dimension d\u00e9ternit\u00e9, \u00e0 un amour absolu de Dieu. Vivre dans la gratitude, la paix, lamour des autres : cest \u00e7a qui nous propulsera directement dans les meilleurs c\u00f4t\u00e9s de la vie \u00e9ternelle. Ne nous contentons pas de la Toussaint pour y songer! <img decoding=\"async\" src=\"http:\/\/ssa.msa.fr\/lfr\/z80-ssa-theme\/images\/MSA\/connexion\/aide_declaration.png\" alt=\"lieu de vie au dela de la rencontre\" align=\"right\">  Elle est lauteur de plusieurs publications dont la derni\u00e8re, La Destin\u00e9e de la France, essai sur une astrologie des civilisations, d\u00e9roule le fil de lhistoire de France et d\u00e9voile sa destin\u00e9e singuli\u00e8re dans le concert des nations. .<\/p>\n","protected":false},"excerpt":{"rendered":"<p>lieu de vie au dela de la rencontre<\/p>\n","protected":false},"author":1,"featured_media":0,"comment_status":"closed","ping_status":"closed","sticky":false,"template":"","format":"standard","meta":{"footnotes":""},"categories":[1],"tags":[],"_links":{"self":[{"href":"https:\/\/dig-stuttgart.de\/info\/wp-json\/wp\/v2\/posts\/5900"}],"collection":[{"href":"https:\/\/dig-stuttgart.de\/info\/wp-json\/wp\/v2\/posts"}],"about":[{"href":"https:\/\/dig-stuttgart.de\/info\/wp-json\/wp\/v2\/types\/post"}],"author":[{"embeddable":true,"href":"https:\/\/dig-stuttgart.de\/info\/wp-json\/wp\/v2\/users\/1"}],"replies":[{"embeddable":true,"href":"https:\/\/dig-stuttgart.de\/info\/wp-json\/wp\/v2\/comments?post=5900"}],"version-history":[{"count":1,"href":"https:\/\/dig-stuttgart.de\/info\/wp-json\/wp\/v2\/posts\/5900\/revisions"}],"predecessor-version":[{"id":5901,"href":"https:\/\/dig-stuttgart.de\/info\/wp-json\/wp\/v2\/posts\/5900\/revisions\/5901"}],"wp:attachment":[{"href":"https:\/\/dig-stuttgart.de\/info\/wp-json\/wp\/v2\/media?parent=5900"}],"wp:term":[{"taxonomy":"category","embeddable":true,"href":"https:\/\/dig-stuttgart.de\/info\/wp-json\/wp\/v2\/categories?post=5900"},{"taxonomy":"post_tag","embeddable":true,"href":"https:\/\/dig-stuttgart.de\/info\/wp-json\/wp\/v2\/tags?post=5900"}],"curies":[{"name":"wp","href":"https:\/\/api.w.org\/{rel}","templated":true}]}}