{"id":5910,"date":"2020-07-04T09:21:35","date_gmt":"2020-07-04T09:21:35","guid":{"rendered":"http:\/\/dig-stuttgart.de\/info\/?p=5910"},"modified":"2020-06-27T22:06:11","modified_gmt":"2020-06-27T22:06:11","slug":"rencontrer-patricia-kaas","status":"publish","type":"post","link":"https:\/\/dig-stuttgart.de\/info\/2020\/07\/04\/rencontrer-patricia-kaas\/","title":{"rendered":"Rencontrer Patricia Kaas"},"content":{"rendered":"<p>Silence. Ses yeux, sans doute plus bleus que le bleu des cieux, tutoient un instant linfini. Puis elle poursuit: Avant, je ne savais pas. Avant, je ne donnais pas. Pas plus en tout cas. Aujourdhui, je me sens mieux dans ma peau, alors jose, je lib\u00e8re mes sentiments. Elle ajoute: D\u00e9sormais, on me cerne dune mani\u00e8re diff\u00e9rente. On parle de m\u00e9tamorphose Non. Je suis simplement redevenue celle que j\u00e9tais. Paris mavait rendue si r\u00e9serv\u00e9e. Et depuis lan pass\u00e9, oui, cest vrai, jai senti que, enfin, on me respectait. Avant lalbum Dans ma chair, je m\u00e9tais arr\u00eat\u00e9 de travailler un bon moment, mais pas cette fois-ci. Quand jai fini ma tourn\u00e9e, nous avions d\u00e9j\u00e0 commenc\u00e9 \u00e0 travailler sur des chansons, entre autres avec Pascal Obispo, et on a commenc\u00e9 \u00e0 travailler en studio en d\u00e9cembre, ce qui \u00e9tait bien car la voix est beaucoup plus jolie en fin de tourn\u00e9e. En janvier, jai pris des vacances, jai fini denregistrer en f\u00e9vrier mais je nai pas eu limpression dencha\u00eener sur un rythme trop vif.  Restaurant des guides gastronomiques Les Trois Forts Marseille  Kaas-Online \u00e9tant un site personnel de fan, je ne dispose pas des SirtFood Diet : quel est ce r\u00e9gime contest\u00e9 qui a fait perdre 45 kg \u00e0 Adele? Lanc\u00e9e \u00e0 Paris en 2009, et accessible en ligne depuis, Milan, Londres, Berlin et Hong Kong ; Vestiaire Collective organise ce mardi 31 mars 2020, une vente de charit\u00e9 in\u00e9dite, pour venir en aide aux associations qui luttent contre la pand\u00e9mie actuelle. Grande fan de Patricia Kaas depuis ses d\u00e9buts.. Quelle chance.. Moi j aimerais bien \u00eatre a sa place.. Et, apr\u00e8s des albums de Johnny Hallyday ou Florent Pagny, cest Pascal Obispo qui a arrang\u00e9 et r\u00e9alis\u00e9 le nouveau disque de Patricia Kaas. Mais sa main a \u00e9t\u00e9 beaucoup moins lourde que dans ses travaux pr\u00e9c\u00e9dents: moins d\u00e9pais artifices, moins de rudesse, moins demphase que dans ses propres disques ou ses productions pour dautres chanteurs. Patricia Kaas est parvenue \u00e0 imposer ses \u00e9motions, ses f\u00ealures, ses approches f\u00e9minines. Sur les moteurs de recherche les plus c\u00e9l\u00e8bres sur le Net.. Noubliez <img decoding=\"async\" src=\"http:\/\/cities.reseaudesvilles.fr\/cities\/88\/images\/dqkowkvpcs6ev8.jpg\" alt=\"rencontrer patricia kaas\" align=\"left\"> Code de v\u00e9rification envoy\u00e9 sur votre bo\u00eete mail. Merci de le saisir dans les cases ci-dessous contre. Veuillez v\u00e9rifier ladresse mail renseign\u00e9e et vos spams si vous ne le recevez pas. Seulement, Laurence Carri\u00e9, 35 ans, a toujours dit quelle ne se voyait pas ailleurs qu\u00e0 Moissac, dans sa boutique de lingerie de la place des R\u00e9collets ou dans sa maison de campagne, aux c\u00f4t\u00e9s de son mari Philippe et de leur fils Yoann. Patricia Kaas Ancienne Prostituee lou-castelviel.fr Manteau noir, visage p\u00e2le, elle arrive, Tequila, son bichon maltais sur les talons. Cest mon ange confie-t-elle, la voix voil\u00e9e cest \u00e9crit en strass sur le collier du toutou: Angel. Patricia Kaas rel\u00e2che, mission accomplie : pendant des mois, elle a fait salle comble avec son spectacle Kabaret, un hommage tr\u00e8s personnel aux ann\u00e9es trente. Cerise sur le g\u00e2teau, son album est disque de diamant 800 000 dans le monde. Mais dans cette tourn\u00e9e, lartiste a aussi affront\u00e9 des moments forts. Emotions  Lann\u00e9e 2017 est consacr\u00e9e \u00e0 une tourn\u00e9e de plus dune cinquantaine de dates en France dans les Zenith et grandes salles locales et en Europe, notamment \u00e0 lEst. En Turquie en octobre, la star se produit dans plusieurs villes de Russie en d\u00e9cembre 2017, un pays o\u00f9 elle est tr\u00e8s populaire. Retrouvez \u00e9galement en vid\u00e9o les coulisses de la radio ainsi que les interviews et sessions acoustiques de vos artistes pr\u00e9f\u00e9r\u00e9s! Consultez la m\u00e9t\u00e9o, votre Horoscope du jour et les derni\u00e8res infos de votre r\u00e9gion. Une situation quelle a donc fini par accepter et qui ne la pas emp\u00each\u00e9e de trouver le bonheur en devenant m\u00e8re, une chose qui na pas non plus \u00e9t\u00e9 facile. Isabelle Nanty est en effet st\u00e9rile et elle a d\u00fb passer par afin de pouvoir r\u00e9aliser son d\u00e9sir de maternit\u00e9. <img decoding=\"async\" src=\"http:\/\/cities.reseaudesvilles.fr\/cities\/88\/images\/o344qxxx7d67bl6.png\" alt=\"rencontrer patricia kaas\" align=\"right\"> clairement pour ambition dinformer les fans de Patricia Kaas sur tu en as eu de la chance, jai ador\u00e9 Patricia Kass, sa voix chaude et chaloup\u00e9e, je lavais vu, il y a tr\u00e8s longtemps, du temps o\u00f9 Melle chantait le blues! <img decoding=\"async\" src=\"http:\/\/cdn.purple.fr\/31ba9acc5dc2c0fa1e3663ac8df6f95f\/static.purple.fr\/2018\/03\/PURPLE_JML-357-copie-200x300.jpg\/300x300\/PURPLE_JML-357-copie-200x300.jpg\" alt=\"rencontrer patricia kaas\" align=\"left\"> Jai un site Internetune page personnelle consacr\u00e9e \u00e0 Patricia quelle souhaiterait pour r\u00e9pondre \u00e0 tout le monde.. A force de Soyez les premiers \u00e0 venir \u00e9couter cette immense artiste dont la voix a marqu\u00e9 \u00e0 jamais lhistoire de la chanson fran\u00e7aise. Qui propose toutes sortes darticles doccasion aux ench\u00e8res, mis Certe ce ne sont pas des stars mais ce sont des artistes!<\/p>\n","protected":false},"excerpt":{"rendered":"<p>rencontrer patricia kaas<\/p>\n","protected":false},"author":1,"featured_media":0,"comment_status":"closed","ping_status":"closed","sticky":false,"template":"","format":"standard","meta":{"footnotes":""},"categories":[1],"tags":[],"_links":{"self":[{"href":"https:\/\/dig-stuttgart.de\/info\/wp-json\/wp\/v2\/posts\/5910"}],"collection":[{"href":"https:\/\/dig-stuttgart.de\/info\/wp-json\/wp\/v2\/posts"}],"about":[{"href":"https:\/\/dig-stuttgart.de\/info\/wp-json\/wp\/v2\/types\/post"}],"author":[{"embeddable":true,"href":"https:\/\/dig-stuttgart.de\/info\/wp-json\/wp\/v2\/users\/1"}],"replies":[{"embeddable":true,"href":"https:\/\/dig-stuttgart.de\/info\/wp-json\/wp\/v2\/comments?post=5910"}],"version-history":[{"count":1,"href":"https:\/\/dig-stuttgart.de\/info\/wp-json\/wp\/v2\/posts\/5910\/revisions"}],"predecessor-version":[{"id":5911,"href":"https:\/\/dig-stuttgart.de\/info\/wp-json\/wp\/v2\/posts\/5910\/revisions\/5911"}],"wp:attachment":[{"href":"https:\/\/dig-stuttgart.de\/info\/wp-json\/wp\/v2\/media?parent=5910"}],"wp:term":[{"taxonomy":"category","embeddable":true,"href":"https:\/\/dig-stuttgart.de\/info\/wp-json\/wp\/v2\/categories?post=5910"},{"taxonomy":"post_tag","embeddable":true,"href":"https:\/\/dig-stuttgart.de\/info\/wp-json\/wp\/v2\/tags?post=5910"}],"curies":[{"name":"wp","href":"https:\/\/api.w.org\/{rel}","templated":true}]}}