{"id":5912,"date":"2020-07-04T07:12:04","date_gmt":"2020-07-04T07:12:04","guid":{"rendered":"http:\/\/dig-stuttgart.de\/info\/?p=5912"},"modified":"2020-06-27T22:08:08","modified_gmt":"2020-06-27T22:08:08","slug":"rencontrer-gens-reims","status":"publish","type":"post","link":"https:\/\/dig-stuttgart.de\/info\/2020\/07\/04\/rencontrer-gens-reims\/","title":{"rendered":"Rencontrer Gens Reims"},"content":{"rendered":"<p>Le porte-drapeau du football amateur. La grande famille du football, elle nexiste Nous vivons un temps de tr\u00e8s grandes transformations mondiales et nationales. <img decoding=\"async\" src=\"http:\/\/cdn.purple.fr\/1cc2355d8b884c81802af1ee2555b090\/static.purple.fr\/2018\/02\/2017_PURPLE_CH252310-copie-300x300.jpg\/300x300\/2017_PURPLE_CH252310-copie-300x300.jpg\" alt=\"rencontrer gens reims\" align=\"right\"> aime : les jeux vid\u00e9os..h\u00e9 oui mais sait faire la part des choses pour la suite \u00e0 vous de venir me d\u00e9couvrir! <img decoding=\"async\" src=\"http:\/\/cache.media.education.gouv.fr\/image\/180330_mobiklasse\/76\/3\/01_927763.jpg\" alt=\"rencontrer gens reims\" align=\"center\">  Quand je revient \u00e0 Reims \u00e0 chaque fois je suis impressionn\u00e9 par la beaut\u00e9 de cette ville et je ne suis pas sp\u00e9cialement fan de vielles pierres. Seront ils pas trop pertuber?le manques des papy mamy.ect est ce que ca va y aller? merci de me donner un avis. Le second souffle de Vatican II, Descl\u00e9e, 1996. Traduit en espagnol. Du Lundi au Vendredi de 9h00 \u00e0 12h00 et de 14h \u00e0 19h L : les voix conduisirent Jeanne dArc \u00e0 substituer \u00e0 loriflamme de Reims un \u00e9tendard de couleur blanche avec sur le premier tiers de la hampe une repr\u00e9sentation de lApocalypse par limage de notre Sauveur assis en jugement dans les nu\u00e9es du ciel et un ange tenant une fleur de lys avec inscrit Jh\u00e9sus Maria description de ; selon les d\u00e9clarations de Jeanne dArc, lors du proc\u00e8s, le champ \u00e9tait blanc sem\u00e9 de fleurs de lys, sur lequel se trouvait le monde figur\u00e9 et deux anges sur les c\u00f4t\u00e9s, et il \u00e9tait de couleur blanche, de toile blanche ou boucassin, et \u00e9taient l\u00e0 ces devises : Jh\u00e9sus Maria, ainsi quil lui semble, et les franges \u00e9taient de soie. Selon la repr\u00e9sentation courante des apocalypses \u00e0 cette \u00e9poque, lange de droite tenant un lys est celui de la mis\u00e9ricorde et le second ange, plac\u00e9 \u00e0 gauche tenant une \u00e9p\u00e9e, est celui de la justice. Linscription Jhesus Maria mentionn\u00e9e par la d\u00e9position de Jeanne dArc est confirm\u00e9e par le Journal du si\u00e8ge Selon la mani\u00e8re dont ces banni\u00e8res se faisaient, le verso repr\u00e9sentait les m\u00eames motifs et les m\u00eames inscriptions \u00e0 lenvers mais, selon Perceval de Cagny qui la d\u00e9crit lors de la bataille de, la mandorle du Christ \u00e9tait remplac\u00e9e par un \u00e9cu dazur sem\u00e9 de fleurs de lys dor : La Pucelle prit son \u00e9tendard auquel \u00e9tait peint Dieu en majest\u00e9 manque et de lautre c\u00f4t\u00e9 un \u00e9cu de France tenu par des anges. Organis\u00e9e de main de ma\u00eetre par les b\u00e9n\u00e9voles de lACRAP sur les terrains de G\u00e9o Andr\u00e9, cette manifestation a rassembl\u00e9 72 \u00e9quipes de joueurs et leurs coaches, entraineurs et quelques familles : au moins 800 personnes., Le premier proc\u00e8s : Jeanne livr\u00e9e \u00e0 Cauchon, dans, p 248.-Visites guid\u00e9es \u00e0 15h00 et 16h30 de lexposition de Lisa Oppenheim Langue h\u00e9r\u00e9ditaire Int\u00e9r\u00eats communs : Caf\u00e9 et conversations, Arts et mus\u00e9es, Musique et concerts, Int\u00e9r\u00eats politiques, Brocante Antiquit\u00e9s Jaimerais jai actuellement lu tout les commentaires. Actuellement je souhaiterais minstaller dans le sud serait il possible de me dire si actuellement ils recherche beaucoup de personnes dans la soudure. Cordialement 27 janvier 2018 Lorganisme logeur a accus\u00e9 r\u00e9ception de notre question le 11 avril, mais na pas donn\u00e9 suite. Mais il faut vraiment en parler avec une conseill\u00e8re car ce sujet est complexe et chaque personne \u00e9tant unique, il arrive que nous puissions offrir des conditions tellement rabot\u00e9es quelles sav\u00e8rent irr\u00e9sistibles!   <img decoding=\"async\" src=\"http:\/\/cache.media.education.gouv.fr\/image\/180330_mobiklasse\/76\/8\/02_927768.jpg\" alt=\"rencontrer gens reims\" align=\"right\">.<\/p>\n","protected":false},"excerpt":{"rendered":"<p>rencontrer gens reims<\/p>\n","protected":false},"author":1,"featured_media":0,"comment_status":"closed","ping_status":"closed","sticky":false,"template":"","format":"standard","meta":{"footnotes":""},"categories":[1],"tags":[],"_links":{"self":[{"href":"https:\/\/dig-stuttgart.de\/info\/wp-json\/wp\/v2\/posts\/5912"}],"collection":[{"href":"https:\/\/dig-stuttgart.de\/info\/wp-json\/wp\/v2\/posts"}],"about":[{"href":"https:\/\/dig-stuttgart.de\/info\/wp-json\/wp\/v2\/types\/post"}],"author":[{"embeddable":true,"href":"https:\/\/dig-stuttgart.de\/info\/wp-json\/wp\/v2\/users\/1"}],"replies":[{"embeddable":true,"href":"https:\/\/dig-stuttgart.de\/info\/wp-json\/wp\/v2\/comments?post=5912"}],"version-history":[{"count":1,"href":"https:\/\/dig-stuttgart.de\/info\/wp-json\/wp\/v2\/posts\/5912\/revisions"}],"predecessor-version":[{"id":5913,"href":"https:\/\/dig-stuttgart.de\/info\/wp-json\/wp\/v2\/posts\/5912\/revisions\/5913"}],"wp:attachment":[{"href":"https:\/\/dig-stuttgart.de\/info\/wp-json\/wp\/v2\/media?parent=5912"}],"wp:term":[{"taxonomy":"category","embeddable":true,"href":"https:\/\/dig-stuttgart.de\/info\/wp-json\/wp\/v2\/categories?post=5912"},{"taxonomy":"post_tag","embeddable":true,"href":"https:\/\/dig-stuttgart.de\/info\/wp-json\/wp\/v2\/tags?post=5912"}],"curies":[{"name":"wp","href":"https:\/\/api.w.org\/{rel}","templated":true}]}}