{"id":5914,"date":"2020-07-04T06:56:44","date_gmt":"2020-07-04T06:56:44","guid":{"rendered":"http:\/\/dig-stuttgart.de\/info\/?p=5914"},"modified":"2020-06-27T22:11:07","modified_gmt":"2020-06-27T22:11:07","slug":"rencontre-st-maximin","status":"publish","type":"post","link":"https:\/\/dig-stuttgart.de\/info\/2020\/07\/04\/rencontre-st-maximin\/","title":{"rendered":"Rencontre St Maximin"},"content":{"rendered":"<p>1962. Pierre Cochereau et Pierre Rochas, m\u00e9decin et organologue, cr\u00e9ent la premi\u00e8re Acad\u00e9mie de lorgue classique fran\u00e7ais qui assure un rayonnement international \u00e0 lorgue. JULIETTE7 femme gentille tres agreable genereuse bcp de qualites romantique et ont ma dit de tres Attirente et ma mere mes amis me dises trop affectives Ambroise de Sienne : Issu de lillustre famille des Sans\u00e9doni il entre dans lordre en 1237. Il enseigne \u00e0 Cologne en m\u00eame temps que Thomas dAquin sous la direction dAlbert. Merci \u00e0 Brahim pour son investissement pour la r\u00e9ussite de cette rencontre On rencontre une grande majorit\u00e9 dutilisateurs dans la nature avec qui \u00e7a se passe tr\u00e8s bien, des marcheurs qui comprennent que quand il y a une battue en cours on va pouvoir les guider, mais tout le monde ne le comprend passe d\u00e9sole Didier Navarro, organisateur de \u00e0 Saint-Maximin Pour toutes questions ou probl\u00e8mes merci de vous adresser au: 0617164425 Jaccepte de recevoir des infos, des jeux et des offres privil\u00e8ges du site mod\u00e9ration. La vente dalcool est interdite aux mineurs Apr\u00e8s le repas pris tous ensemble au restaurant scolaire de l\u00e9cole Jean Moulin, les classes se sont rendues dans le massif de la Sainte Baume pour une petite randonn\u00e9e dans la for\u00eat originelle. <img decoding=\"async\" src=\"http:\/\/image.loomji.fr\/mo\/30885\/couvent-dominicains-ancien.jpg\" alt=\"rencontre st maximin\" align=\"left\"> Coexister est une association de jeunes aux convictions philosophiques et religieuses multiples qui, par lexp\u00e9rience de la coexistence active, promeut le vivre ensemble et laction commune. La visite dun lieu de culte, des \u00e9change sur les principes de la la\u00efcit\u00e9 ou encore le partage dun repas un soir de f\u00eate sont autant dactions men\u00e9es ensemble par Coexister et des groupes Scouts et Guides de France. Forts de ces exp\u00e9riences, nos 2 associations ont d\u00e9cid\u00e9 de renforcer leur partenariat par la signature dun accord-cadre en 2016. Vous avez maintenant 60 jours pour retourner votre commande. Nouveau : V and B Montpellier Le Cr\u00e8s d\u00e9barque! Ce 8 janvier, Samir et son \u00e9quipe ont leur magasin.. <img decoding=\"async\" src=\"http:\/\/stay.alternativeurban.biz\/wp-content\/uploads\/2015\/01\/keep-cool-Copier.png\" alt=\"rencontre st maximin\" align=\"right\"> Une rencontre tout \u00e0 fait fortuite qui a enthousiasm\u00e9 les coll\u00e9giens, comme le d\u00e9crit Julie Goujon, professeur dEPS. Ce mercredi matin, Agathe Chante, la directrice de lEHPAD de Saint Maximin, lui a annonc\u00e9 la nouvelle. Rencontre sexe blog de julia. Plan cul gratuit quimper. Prend sa source au nord du territoire communal de Saint-Maximin. Le souvenir de cette s\u00e9pulture ne s\u00e9tant pas perdu, le prince de Salerne,, fils du comte de Provence fait entreprendre en 1279 des recherches pour retrouver les reliques de sainte Marie-Madeleine \u00e0 laquelle il voue une grande d\u00e9votion. Ces recherches aboutissent \u00e0 la d\u00e9couverte dune tombe pal\u00e9ochr\u00e9tienne, la crypte actuelle, contenant des ossements qui auraient appartenu \u00e0 la sainte. Charles II, comme il laffirmait lui-m\u00eame, aurait agi par inspiration divine. Parle, dans son Libellus hystorialis, de c\u00e9leste inspiration. Charles II devenu comte de Provence et roi de Naples, se rend en avril 1295 aupr\u00e8s du pape apportant avec lui les proc\u00e8s-verbaux r\u00e9dig\u00e9s par les \u00e9v\u00eaques de Provence authentifiant sa d\u00e9couverte. Il obtient du pape des bulles qui accordent des indulgences aux visiteurs et certifient lauthenticit\u00e9 des reliques. Cette confirmation \u00e9tait dautant plus pr\u00e9cieuse que la affirmait poss\u00e9der le corps de Marie-Madeleine. Le pape d\u00e9cide \u00e9galement de confier la garde de Saint-Maximin et de la Sainte-Baume aux de saint Dominique en lieu et place des moines b\u00e9n\u00e9dictins de l. Pour les enfants, pour les professionnels, pour le territoire, comment agir ensemble? Victor Saxer pr\u00e9f. Henri Ir\u00e9n\u00e9e Marrou, Le culte de Marie-Madeleine en Occident des origines \u00e0 la fin du Moyen \u00c2ge, Auxerre, coll. Cahiers darch\u00e9ologie et dhistoire, 1959  Les informations collect\u00e9es nous permettent de compter le nombre de visiteurs sur le site, comprendre comment vous arrivez sur notre site, votre int\u00e9ret pour le contenu, et mesurer la performance du site. <img decoding=\"async\" src=\"http:\/\/www.footmercato.net\/images\/a\/allan-saint-maximin-sous-le-maillot-des-moins-de-20-ans-lors-de-la-rencontre-entre-la-france-et-l-angleterre_202147.jpg\" alt=\"rencontre st maximin\" align=\"right\">   Les Rencontres Pro le samedi 21 septembre 2019 \u00e0 Saint Maximin Op\u00e9ration de d\u00e9minage dans la commune de Saint-Maximin Actualit\u00e9s Accueil-Les services de l\u00c9tat dans lOise.<\/p>\n","protected":false},"excerpt":{"rendered":"<p>rencontre st maximin<\/p>\n","protected":false},"author":1,"featured_media":0,"comment_status":"closed","ping_status":"closed","sticky":false,"template":"","format":"standard","meta":{"footnotes":""},"categories":[1],"tags":[],"_links":{"self":[{"href":"https:\/\/dig-stuttgart.de\/info\/wp-json\/wp\/v2\/posts\/5914"}],"collection":[{"href":"https:\/\/dig-stuttgart.de\/info\/wp-json\/wp\/v2\/posts"}],"about":[{"href":"https:\/\/dig-stuttgart.de\/info\/wp-json\/wp\/v2\/types\/post"}],"author":[{"embeddable":true,"href":"https:\/\/dig-stuttgart.de\/info\/wp-json\/wp\/v2\/users\/1"}],"replies":[{"embeddable":true,"href":"https:\/\/dig-stuttgart.de\/info\/wp-json\/wp\/v2\/comments?post=5914"}],"version-history":[{"count":1,"href":"https:\/\/dig-stuttgart.de\/info\/wp-json\/wp\/v2\/posts\/5914\/revisions"}],"predecessor-version":[{"id":5915,"href":"https:\/\/dig-stuttgart.de\/info\/wp-json\/wp\/v2\/posts\/5914\/revisions\/5915"}],"wp:attachment":[{"href":"https:\/\/dig-stuttgart.de\/info\/wp-json\/wp\/v2\/media?parent=5914"}],"wp:term":[{"taxonomy":"category","embeddable":true,"href":"https:\/\/dig-stuttgart.de\/info\/wp-json\/wp\/v2\/categories?post=5914"},{"taxonomy":"post_tag","embeddable":true,"href":"https:\/\/dig-stuttgart.de\/info\/wp-json\/wp\/v2\/tags?post=5914"}],"curies":[{"name":"wp","href":"https:\/\/api.w.org\/{rel}","templated":true}]}}