{"id":5936,"date":"2020-07-04T21:08:16","date_gmt":"2020-07-04T21:08:16","guid":{"rendered":"http:\/\/dig-stuttgart.de\/info\/?p=5936"},"modified":"2020-06-27T22:21:38","modified_gmt":"2020-06-27T22:21:38","slug":"rencontres-nationales-des-luttes-de-l-immigration","status":"publish","type":"post","link":"https:\/\/dig-stuttgart.de\/info\/2020\/07\/04\/rencontres-nationales-des-luttes-de-l-immigration\/","title":{"rendered":"Rencontres Nationales Des Luttes De L Immigration"},"content":{"rendered":"<p> 9 Plateforme du Comit\u00e9 de coordination des foyers Soncacotra en gr\u00e8ve, cit\u00e9 par Choukri Hmed dans Sonacotra c\u00e9dera!, revue Agone 40, 2008. Aujourdhui, on pourrait penser que cest super parce quon est que 10 \u00e9l\u00e8ves par classe sauf que non, il manque tous les autres. Les travailleurs immigr\u00e9s ne font pas seulement partie int\u00e9grante du prol\u00e9tariat. Cest le prol\u00e9tariat dans son ensemble, dans toutes les m\u00e9tropoles industrielles du monde, qui sest form\u00e9 par limmigration. Par vagues successives, au gr\u00e9 des cycles \u00e9conomiques, au gr\u00e9 des relations de subordinations \u00e9tablies entre les diff\u00e9rents pays du monde, le capitalisme a fait surgir du n\u00e9ant des villes enti\u00e8res autour des usines. Par laiguillon de la faim, il a contraint des g\u00e9n\u00e9rations de prol\u00e9taires, venus des campagnes voisines ou de pays parfois tr\u00e8s lointains, \u00e0 trimer dans ces nouveaux centres de productions. Le Cloud europ\u00e9en Ga\u00efa-X arrive \u00e0 vitesse grand V. Que cela va-t-il changer dans le ciel internet de lEurope? Accompagner la mise en \u0153uvre de projets : inscrite dans une d\u00e9marche de pr\u00e9vention aupr\u00e8s du jeune public, cette rubrique souhaite soutenir et guider la mise en place de partenariats ou de projets. Elle met en lumi\u00e8re les dispositifs existants et les ressources propos\u00e9es par linstitution et de nombreux partenaires de l\u00c9cole : cartographie des lieux et centres de m\u00e9moire, etc. <img decoding=\"async\" src=\"http:\/\/www.resolis.org\/upload\/journal\/57_20180118_couv.png\" alt=\"rencontres nationales des luttes de l immigration\" align=\"left\"> 3 Linda Guerry, Le Genre de limmigration et de la naturalisation. Lexemple de Marseille 1918-1940, ENS \u00c9ditions, 2013. Le lendemain, la ville de Versailles est en \u00e9bullition et doit faire face \u00e0 une v\u00e9ritable mutinerie des troupes coloniales : des casernes sont attaqu\u00e9es, des gendarmes enlev\u00e9s et d\u00e9sarm\u00e9s, des groupes arm\u00e9s et organis\u00e9s se positionnent au centre-ville. Face \u00e0 la menace que ces troupes ne marchent sur Paris pour lib\u00e9rer leurs camarades, et pour mettre fin \u00e0 ces d\u00e9sordres, les autorit\u00e9s locales demandent la lib\u00e9ration des trois incarc\u00e9r\u00e9s et organisent l\u00e9change des prisonniers. Devant cet affront Il est \u00e9videmment inadmissible que des militaires en \u00e9tat dinsubordination ouverte soient ma\u00eetres dune ville telle que Versailles pendant toute une apr\u00e8s-midi, et puissent d\u00e9sarmer et emprisonner des agents de la force publique, le pr\u00e9fet de Seine-et-Oise en est r\u00e9duit \u00e0 demander des renforts et louverture dune enqu\u00eate. 3 Jean-Pierre Hassoun, Hmongs du Laos en France, PUF, 1997. Quant au parti communiste, durant toutes les ann\u00e9es o\u00f9 il repr\u00e9sentait une force dans la classe ouvri\u00e8re, o\u00f9 il obtenait les suffrages des travailleurs et dirigeait les principaux syndicats, il fut un facteur de stabilisation de lordre bourgeois. Il a obscurci la conscience des travailleurs avec des positions nationalistes. Il sest oppos\u00e9 au March\u00e9 commun puis \u00e0 lUnion europ\u00e9enne avec des arguments r\u00e9actionnaires. Comme ceux de Charles Fiterman, alors dirigeant du PCF, futur ministre de Fran\u00e7ois Mitterrand, qui disait en 1978 Nous nous opposons cat\u00e9goriquement \u00e0 lid\u00e9ologie bourgeoise et social-d\u00e9mocrate sur le d\u00e9passement du cadre \u00e9troit de chaque nation avant dajouter : Notre orientation est donc claire : nous combattons sans ambigu\u00eft\u00e9 la politique dint\u00e9gration europ\u00e9enne qui accentue la r\u00e9gression sociale et amputerait le patrimoine national. Ou dautres carr\u00e9ment x\u00e9nophobes, comme cette affiche destin\u00e9e aux petits viticulteurs du Languedoc : la Gr\u00e8ce et lEspagne dans le March\u00e9 Commun, cest pire que le phyllox\u00e9ra. Javais d\u00e9j\u00e0 travaill\u00e9 avec Jean-Jacques puisquil avait cr\u00e9\u00e9 lApral, lAssociation pour la promotion alg\u00e9rienne. Quand on a commenc\u00e9 \u00e0 travailler ensemble pour ce qui allait devenir le Gisti en r\u00e9f\u00e9rence au GIP voir article p. 37 8, il ma dit : Jaimerais quil y ait des gens qui fassent du droit, de la d\u00e9fense, etc, mais aussi des gens de terrain et cest comme \u00e7a que jai \u00e9t\u00e9 contact\u00e9e. Cest s\u00fbrement le seul groupe, avec lApral, o\u00f9 je me suis sentie extr\u00eamement \u00e0 laise. Peut-\u00eatre parce justement il ny avait aucune volont\u00e9 de faire un groupe auquel on aurait tout sacrifi\u00e9. Non, il y avait une r\u00e9flexion, cest \u00e7a qui ma plu, autour du droit, de la d\u00e9fense, le tout articul\u00e9 avec des actions de terrain concr\u00e8tes. Quand je suis rentr\u00e9e \u00e0 la Cimade, javais \u00e0 la fois un pied dans lun, un pied dans lautre, m\u00eame si dans les deux cas jintervenais surtout sur les questions de logement. Puisque j\u00e9tais au Gisti, \u00e7a me permettait de donner un certain nombre de renseignements que javais pu avoir par des juristes. Et dautre part, je faisais le lien avec des avocats qui d\u00e9fendaient des r\u00e9sidents sans les faire payer : ils le faisaient en plus de leur boulot, mais pour leur \u00e9viter trop de d\u00e9placements, moi je pouvais faire le lien, amener des papiers, savoir si telle d\u00e9marche avait \u00e9t\u00e9 suivie, v\u00e9rifier que telle chose avait bien \u00e9t\u00e9 faite. Ces liens entre avocats, travailleurs sociaux, militants, comit\u00e9s de soutiens et les concern\u00e9s eux-m\u00eames, on va les retrouver au moment des luttes des foyers?voir article p. 120 9. Le principe \u00e9tait alors : le comit\u00e9 de lutte d\u00e9cide en dernier ressort, m\u00eame si \u00e7a se produit contre lavis du comit\u00e9 de soutien. Il garde la ma\u00eetrise totale. Et le comit\u00e9 de soutien ne peut que proposer, voil\u00e0! Et cest \u00e7a qui me convenait, cet effacement relatif des ego et des organisations 17h15-18h00 : Pl\u00e9ni\u00e8re Amphi 1A, Halle aux farines <img decoding=\"async\" src=\"http:\/\/versus.recherche.usherbrooke.ca\/wordpress\/wp-content\/uploads\/2015\/05\/versus_conf.jpg\" alt=\"rencontres nationales des luttes de l immigration\" align=\"left\"> En leurs compagnie,nous reviendrons sur la situation avant confinement notamment la lutte contre le contr\u00f4le continue et sur la possible r\u00e9ouverture des \u00e9tablissements scolaire a partir du 11 Mai D. Biographique-du-mouvement-ouvrier, L E. Fran\u00e7ais, and. Maitron,  Femmes : portraits et guide publi\u00e9 par Sans fronti\u00e8re  E P. Thompson, The Making of the English Working Class, 1963. Le premier r\u00e9side dans la cr\u00e9ation dinstitutions et la mise en place de politiques \u00e0 destination des Alg\u00e9riens alors pr\u00e9sents en m\u00e9tropole, qui nont pas leur \u00e9quivalent dans ce qui existait auparavant. Ces innovations sexpliquent par le fait quentre 1945 et 1962, les Alg\u00e9riens ne sont pas des \u00e9trangers mais des sujets fran\u00e7ais. Bien quelle ait acquis le droit de vote en 1945, cette population demeure en effet sous domination coloniale fran\u00e7aise. <img decoding=\"async\" src=\"http:\/\/www.senat.fr\/rap\/r15-448\/r15-44835.gif\" alt=\"rencontres nationales des luttes de l immigration\" align=\"center\"> Face \u00e0 cette situation et pour favoriser une soci\u00e9t\u00e9 de d\u00e9mocratie r\u00e9elle o\u00f9 chacun-e ait sa place, des associations comme la n\u00f4tre qui agissent avec les premier-e-s concern\u00e9-e-s sont n\u00e9cessaires. Cest pourquoi nous devons nous mobiliser et agir, l\u00e0 o\u00f9 nous sommes. Cest urgent! Vous pouvez nous joindre en nous \u00e9crivant \u00e0 01 58 53 58 53.<\/p>\n","protected":false},"excerpt":{"rendered":"<p>rencontres nationales des luttes de l immigration<\/p>\n","protected":false},"author":1,"featured_media":0,"comment_status":"closed","ping_status":"closed","sticky":false,"template":"","format":"standard","meta":{"footnotes":""},"categories":[1],"tags":[],"_links":{"self":[{"href":"https:\/\/dig-stuttgart.de\/info\/wp-json\/wp\/v2\/posts\/5936"}],"collection":[{"href":"https:\/\/dig-stuttgart.de\/info\/wp-json\/wp\/v2\/posts"}],"about":[{"href":"https:\/\/dig-stuttgart.de\/info\/wp-json\/wp\/v2\/types\/post"}],"author":[{"embeddable":true,"href":"https:\/\/dig-stuttgart.de\/info\/wp-json\/wp\/v2\/users\/1"}],"replies":[{"embeddable":true,"href":"https:\/\/dig-stuttgart.de\/info\/wp-json\/wp\/v2\/comments?post=5936"}],"version-history":[{"count":1,"href":"https:\/\/dig-stuttgart.de\/info\/wp-json\/wp\/v2\/posts\/5936\/revisions"}],"predecessor-version":[{"id":5937,"href":"https:\/\/dig-stuttgart.de\/info\/wp-json\/wp\/v2\/posts\/5936\/revisions\/5937"}],"wp:attachment":[{"href":"https:\/\/dig-stuttgart.de\/info\/wp-json\/wp\/v2\/media?parent=5936"}],"wp:term":[{"taxonomy":"category","embeddable":true,"href":"https:\/\/dig-stuttgart.de\/info\/wp-json\/wp\/v2\/categories?post=5936"},{"taxonomy":"post_tag","embeddable":true,"href":"https:\/\/dig-stuttgart.de\/info\/wp-json\/wp\/v2\/tags?post=5936"}],"curies":[{"name":"wp","href":"https:\/\/api.w.org\/{rel}","templated":true}]}}