{"id":5938,"date":"2020-07-04T18:12:34","date_gmt":"2020-07-04T18:12:34","guid":{"rendered":"http:\/\/dig-stuttgart.de\/info\/?p=5938"},"modified":"2020-06-27T22:22:56","modified_gmt":"2020-06-27T22:22:56","slug":"en-quelle-annee-a-eu-lieu-la-premiere-rencontre-juste-debout","status":"publish","type":"post","link":"https:\/\/dig-stuttgart.de\/info\/2020\/07\/04\/en-quelle-annee-a-eu-lieu-la-premiere-rencontre-juste-debout\/","title":{"rendered":"En Quelle Ann\u00e9e A Eu Lieu La Premiere Rencontre Juste Debout"},"content":{"rendered":"<p>\u03a0\u03c1\u03b7\u03c3\u03bc\u03b5\u03bd\u03b7 \u03ba\u03bf\u03b9\u03bb\u03b9\u03b1 \u03ba\u03b1\u03b9 \u03c0\u03bf\u03bd\u03bf\u03b9 \u03c0\u03b5\u03c1\u03b9\u03bf\u03b4\u03bf\u03c5 \u03bc\u03b5\u03b3\u03b1\u03bb\u03b5\u03c2 \u03b5\u03c6\u03b5\u03c5\u03c1\u03b5\u03c3\u03b5\u03b9\u03c2 \u03b7\u03bb\u03b5\u03ba\u03c4\u03c1\u03b9\u03c3\u03bc\u03bf\u03c2 \u03c4\u03b5\u03bb\u03c9\u03bd\u03b5\u03b9\u03bf \u03c0\u03b5\u03b9\u03c1\u03b1\u03b9\u03b1 \u03c9\u03c1\u03b1\u03c1\u03b9\u03bf Apr\u00e8s 55 jours de confinement dus \u00e0 la pand\u00e9mie de coronavirus, les associations daide aux migrants entrent dans une d\u00e9licate phase dadaptation. Tout lenjeu est de r\u00e9ussir \u00e0 \u00eatre pr\u00e9sent aux c\u00f4t\u00e9s dun public toujours plus pr\u00e9caris\u00e9, tout en respectant les nouvelles r\u00e8gles sanitaires du.  \u03b9\u03b4\u03bf\u03c5 \u03bf \u03bd\u03c5\u03bc\u03c6\u03b9\u03bf\u03c2 \u03b5\u03c1\u03c7\u03b5\u03c4\u03b1\u03b9 \u03bc\u03bf\u03c5\u03c3\u03b9\u03ba\u03bf \u03ba\u03b5\u03b9\u03bc\u03b5\u03bd\u03bf \u03a4\u03bf \u03c0\u03c1\u03bf\u03ca\u03cc\u03bd \u03ad\u03c7\u03b5\u03b9 \u03ae\u03b4\u03b7 \u03c0\u03c1\u03bf\u03c3\u03c4\u03b5\u03b8\u03b5\u03af Jexerce aupr\u00e8s de tous les publics, des enfants aux s\u00e9niors; et poss\u00e8de une sp\u00e9cialisation dans laccompagnement des enfants. Jai \u00e9t\u00e9 confin\u00e9 \u00e0 mon domicile parisien. Jai eu limpression dune p\u00e9riode extr\u00eamement dense, extr\u00eamement intense. M\u00eame si je ne me d\u00e9pla\u00e7ais pas, je passais toutes mes journ\u00e9es sur le t\u00e9l\u00e9phone, sur mes \u00e9crans reli\u00e9s \u00e0 tout un tas de personnes importantes pour moi, \u00e0 lint\u00e9rieur comme \u00e0 lext\u00e9rieur de lentreprise. Par ailleurs, on est pr\u00e9sent dans 30 pays dans le monde, notamment en Afrique et au Moyen-Orient o\u00f9 on a d\u00fb g\u00e9rer des situations difficiles, dans les pays europ\u00e9ens aussi, certains \u00e9tant tr\u00e8s touch\u00e9s comme lEspagne. \u00c7a a \u00e9t\u00e9 donc intense, fatigant, diff\u00e9rent, car cest un moment sans contact, sans d\u00e9placement, sans voyage., avec un gros d\u00e9ficit de convivialit\u00e9 aussi. Je suis content aujourdhui de voir quelques salari\u00e9s du groupe ici \u00e0 Rouen, en chair et en os. Il a fallu \u00eatre r\u00e9actif, prendre beaucoup de d\u00e9cisions qui sont utiles. Orange a \u00e9t\u00e9 \u00e0 la hauteur de cette crise. Notre secteur a montr\u00e9 son importance. <img decoding=\"async\" src=\"http:\/\/www.meniiscus.ga\/fileadmin\/_processed_\/csm_affiche-big-zazou-2017_5ba23d0b66.jpg\" alt=\"en quelle ann\u00e9e a eu lieu la premiere rencontre juste debout\" align=\"right\"> Attention : merci de respecter linterdiction de filmer l\u00e9v\u00e9nement! <img decoding=\"async\" src=\"http:\/\/www.mpcourselandaise.com\/medias\/images\/marcel-forsans-premier-debout-a-gauche-fidele-chef-de-cuadrilla.-rec.jpg\" alt=\"en quelle ann\u00e9e a eu lieu la premiere rencontre juste debout\" align=\"left\"> Pas plus de six personnes, pour six conseillers ici \u00e0 Rouen dans notre m\u00e9gastore de lEspace du Palais, affiche ainsi <img decoding=\"async\" src=\"http:\/\/www.metro.lu\/assets\/BO13_metrolucover.png\" alt=\"en quelle ann\u00e9e a eu lieu la premiere rencontre juste debout\" align=\"right\">  From the Airports to OASILAMIA village 2 ways shuttle 20 euro! Les noms des personnages ne sont pas donn\u00e9s au hasard. Le Juste debout est une rencontre de danse internationale. Des pr\u00e9s\u00e9lections ont lieu dans plusieurs villes fran\u00e7aises et \u00e0 l\u00e9tranger. Lors de la 11 e \u00e9dition, organis\u00e9e en 2012, 15 pays envoient des repr\u00e9sentants. Cinq nations, le Canada, lEspagne, lIrlande, lItalie et la Pologne, participent pour la premi\u00e8re fois. 2 000 danseurs prennent part aux pr\u00e9s\u00e9lections fran\u00e7aises, organis\u00e9es \u00e0 l. La finale de Bercy rassemble 140 danseurs. Elle a lieu le 11 mars devant 16 000 spectateurs payants,. Quand les battles se d\u00e9roulent en duo ou en \u00e9quipe, les danseurs cr\u00e9ent des combinaisons ou routines quils ont chor\u00e9graphi\u00e9 \u00e0 lavance. \u00c7a ajoute de la coh\u00e9sion pendant leur passage et du show au battle.-Les collectivit\u00e9s locales pourront all\u00e9ger les taxes de s\u00e9jour ; 120620 Bordeaux : Rousset et Gleyze avec Hurmic \u00e0 Darwin Alors, N\u00e9o est bien l\u00e9lu tant attendu tout compte fait. \u0391\u03bd\u03b5\u03be\u03b9\u03c4\u03b7\u03bb\u03bf\u03b9 \u03bc\u03b1\u03c1\u03ba\u03b1\u03b4\u03bf\u03c1\u03bf\u03b9 \u03c4\u03b9\u03bc\u03b7 \u03c4\u03b1 \u03bc\u03c5\u03b1\u03bb\u03b1 \u03c0\u03bf\u03c5 \u03ba\u03bf\u03c5\u03b2\u03b1\u03bb\u03b1\u03c2 online \u03bc\u03b5\u03c4\u03b1\u03b3\u03bb\u03c9\u03c4\u03b9\u03c3\u03bc\u03b5\u03bd\u03bf full movie 0 out of 5 \u03c4\u03b6\u03b5\u03bd\u03b7 \u03bc\u03c0\u03bf\u03c4\u03c3\u03b7 \u03b5\u03c7\u03b1\u03c3\u03b5 \u03bc\u03c9\u03c1\u03bf \u03b4\u03b7\u03bc\u03bf\u03c3\u03b9\u03bf\u03b9 \u03c5\u03c0\u03b1\u03bb\u03bb\u03b7\u03bb\u03bf\u03b9 \u03b9\u03b4\u03b1\u03c7 \u03b5\u03bd\u03c4\u03bf\u03c2 \u03b5\u03bd\u03b1\u03bb\u03bb\u03b1\u03be \u03b8\u03b5\u03c9\u03c1\u03b9\u03b1 \u03b5\u03bd\u03bf\u03b9\u03ba\u03b9\u03b1\u03b6\u03bf\u03bc\u03b5\u03bd\u03b1 \u03b4\u03c9\u03bc\u03b1\u03c4\u03b9\u03b1 \u03b9\u03c9\u03b1\u03bd\u03bd\u03b9\u03bd\u03b1 \u03c3\u03b5\u03b9\u03c3\u03bc\u03bf\u03c0\u03bb\u03b7\u03ba\u03c4\u03b1 \u03b8\u03c1\u03cc\u03bc\u03b2\u03c9\u03c3\u03b7 \u03c4\u03b7\u03c2 \u03c1\u03b1\u03c7\u03b9\u03b1\u03af\u03b1\u03c2 \u03c6\u03bb\u03ad\u03b2\u03b1\u03c2 \u03c4\u03bf\u03c5 \u03c0\u03ad\u03bf\u03c5\u03c2 6.00 \u03c3\u03c5\u03bd\u03b5\u03b9\u03b4\u03b7\u03c3\u03b7 \u03bc\u03bf\u03c5 \u03ba\u03b1\u03c6\u03b1\u03c3\u03b7\u03c2 \u03bc\u03b5 \u03a6\u03a0\u0391 La r\u00e9alit\u00e9 est aussi tributaire des autres, on sait quel go\u00fbt a une fraise parce quun jour on nous a tendu un fruit rouge en nous disant ceci est une fraise. \u039d\u03c4\u03c1\u03bf\u03c0\u03ae \u03bc\u03b5\u03c4\u03b1\u03c6\u03c1\u03b1\u03c3\u03b7 \u03b1\u03b3\u03b3\u03bb\u03b9\u03ba\u03ac \u03a3\u03c5\u03bd\u03b5\u03c1\u03b3\u03b5\u03af\u03bf \u03b5\u03c4\u03ae\u03c3\u03b9\u03b1 \u03c0\u03c1\u03cc\u03b2\u03bb\u03b5\u03c8\u03b7 \u03b6\u03c9\u03b4\u03af\u03c9\u03bd 2015 Pensez-vous avoir rassur\u00e9 vos collaborateurs normands par cette visite?  Intervenant : Tishou Kane Chor\u00e9graphe des clips Alive de Mondotek et Je vais vite de Lorie, danseuse professionnel.. Jacques-Henri Tournadre est aussi professeur de dessin dillustration et de bande dessin\u00e9e pour les villes de Domont, Boouff\u00e9mont, M\u00e9riel et Parmain La nature et son monde color\u00e9 et magique est depuis toujours ma principale inspiration.<\/p>\n","protected":false},"excerpt":{"rendered":"<p>en quelle ann\u00e9e a eu lieu la premiere rencontre juste debout<\/p>\n","protected":false},"author":1,"featured_media":0,"comment_status":"closed","ping_status":"closed","sticky":false,"template":"","format":"standard","meta":{"footnotes":""},"categories":[1],"tags":[],"_links":{"self":[{"href":"https:\/\/dig-stuttgart.de\/info\/wp-json\/wp\/v2\/posts\/5938"}],"collection":[{"href":"https:\/\/dig-stuttgart.de\/info\/wp-json\/wp\/v2\/posts"}],"about":[{"href":"https:\/\/dig-stuttgart.de\/info\/wp-json\/wp\/v2\/types\/post"}],"author":[{"embeddable":true,"href":"https:\/\/dig-stuttgart.de\/info\/wp-json\/wp\/v2\/users\/1"}],"replies":[{"embeddable":true,"href":"https:\/\/dig-stuttgart.de\/info\/wp-json\/wp\/v2\/comments?post=5938"}],"version-history":[{"count":1,"href":"https:\/\/dig-stuttgart.de\/info\/wp-json\/wp\/v2\/posts\/5938\/revisions"}],"predecessor-version":[{"id":5939,"href":"https:\/\/dig-stuttgart.de\/info\/wp-json\/wp\/v2\/posts\/5938\/revisions\/5939"}],"wp:attachment":[{"href":"https:\/\/dig-stuttgart.de\/info\/wp-json\/wp\/v2\/media?parent=5938"}],"wp:term":[{"taxonomy":"category","embeddable":true,"href":"https:\/\/dig-stuttgart.de\/info\/wp-json\/wp\/v2\/categories?post=5938"},{"taxonomy":"post_tag","embeddable":true,"href":"https:\/\/dig-stuttgart.de\/info\/wp-json\/wp\/v2\/tags?post=5938"}],"curies":[{"name":"wp","href":"https:\/\/api.w.org\/{rel}","templated":true}]}}