{"id":5952,"date":"2020-07-04T19:16:20","date_gmt":"2020-07-04T19:16:20","guid":{"rendered":"http:\/\/dig-stuttgart.de\/info\/?p=5952"},"modified":"2020-06-27T22:29:47","modified_gmt":"2020-06-27T22:29:47","slug":"rencontre-amitie-canada","status":"publish","type":"post","link":"https:\/\/dig-stuttgart.de\/info\/2020\/07\/04\/rencontre-amitie-canada\/","title":{"rendered":"Rencontre Amitie Canada"},"content":{"rendered":"<p>Letar ni efter en personalpartner som arbetar med bemanning och rekryteringstj\u00e4nster s\u00e5 har ni hittat r\u00e4tt. West Work erbjuder skr\u00e4ddarsydda personall\u00f6sningar f\u00f6r f\u00f6retag och organisationer inom alla branscher och storlekar i Fyrbodalomr\u00e5det.  <img decoding=\"async\" src=\"http:\/\/unitedballers.fr\/wp-content\/uploads\/2012\/07\/HANDIBASKET-THIES-2.jpg\" alt=\"rencontre amitie canada\" align=\"right\"> Super plan.Je suis \u00e9tudiant en histoire contemporaine.Mon nom est Amen je travaille aussi dans une Association de protection des enfants en situation de vuln\u00e9rabilit\u00e9. Je veux me correspondre avec les filles \u00e2g\u00e9 de 28-30ans Marocaines, fran\u00e7aise, Am\u00e9ricaine, Belges, Canadienne.S\u00e9n\u00e9galaise ou Guin\u00e9enne. Num\u00e9ro wazap 6319 Bonsoir a tous. Je suis BURKINABE et je recherche des correspondantse pour \u00e9changer. Mon WhatsApp est le 22675076800  Vous d\u00e9sirez rencontrer des c\u00e9libataires s\u00e9rieux et trouver l\u00e2me-soeur? HugAvenue.com vous permet de rencontrer, tchatter et de trouver lhomme ou la femme de vos r\u00eaves o\u00f9 que vous soyez. Rencontres s\u00e9rieuses, amicales ou frivoles, vous trouverez le membre qui vous correspond \u00e0 laide de nos nombreuses fonctionnalit\u00e9s : chat, messagerie, rencontres \u00e0 proximit\u00e9.. Votre \u00e2me-soeur vous attend, d\u00e9p\u00eachez-vous et cr\u00e9ez votre profil gratuit sur notre site de rencontre! Tr\u00e8s bon,jaimerais correspondre avec des fran\u00e7ais et canadiens,mon wathsapp est 22558305695 La r\u00e9forme r\u00e9gionale en Italie-Un exemple de d\u00e9centralisation  Bonjour, je suis Tinah je suis malgache jai 30 ans je suis une m\u00e8re c\u00e9libataire dun enfant de 7 ans, jai abondonn\u00e9e le genre de vie que javais avant car jai accepter J\u00e9sus comme Seigneur et mon sauveur personnel, actuellement je souhaite refaire ma vie avec quelquun qui lui aussi a d\u00e9cid\u00e9 de suivre J\u00e9sus. Je suis sur whatsapp et viber 261345277535 Notre Alice \u00c9milie Piponnier coule croit-elle des jours heureux aupr\u00e8s de Fran\u00e7ois Martin Swabey et de son petit Jules. Conditionn\u00e9e \u00e0 plaire, elle se d\u00e9voue sans compter dans son r\u00f4le de parfaite \u00e9pouse. <img decoding=\"async\" src=\"http:\/\/www.balrogg.ga\/website\/var\/tmp\/image-thumbnails\/0\/1772\/thumb__produit_fiche\/lec4040m.jpeg\" alt=\"rencontre amitie canada\" align=\"center\"> Bonsoir, tr\u00e8s bonne initiative que je salue depuis la terre togolaise. Je veux des correspondants en France. St\u00e9phane bl\u00e9 coordonnateur de projet \u00e0 lONG OKPON SANTE en cote divoire ag\u00e9 de 28 ans d\u00e9sire corresponde avec une fille canadienne de ma tranche dage qui aime les actions humanitaire.voici mon num\u00e9ro 22578327791 ou Tr\u00e8s bon je cherche moi aussi une correspondante au Canada parlent fran\u00e7ais francophone voici mon adresse mail La Moldavie au lendemain des \u00e9lections l\u00e9gislatives du 30 novembre 2014 <img decoding=\"async\" src=\"http:\/\/veggieromandie.ch\/wp-content\/uploads\/2015\/10\/site-my-green-lover-rencontres.jpg\" alt=\"rencontre amitie canada\" align=\"left\"> Je suis en RDCongo, je veux trouver des correspondantes de partout au monde pour \u00e9changes dans le domaine de la protection de lenvironnement, gestion des ressources naturelles,gestion des dechets. Et autres. Bonjour tu peux me joindre au 00221772795064 je suis au SENEGAL Bonjour. Jhabite \u00e0 Madagascar. Jai 41 ans. Je suis gendarme. Je veux correspondre avec des gens du monde. Voici mon adresse mail Je r\u00e9ponds au nom de Nsengiyumva R\u00e9my nationalit\u00e9 Burundaise \u00e2g\u00e9 48. Je parle fran\u00e7ais. Je mesure 1,70m. Jaimerais correspondre avec les Canadiens les Am\u00e9ricains les Fran\u00e7ais les Angleterres.. WhatsApp25769209087 Retrouvez ce contenu plus tard en appuyant sur ce bouton Jai compris Par exemple, quand j\u00e9tais \u00e0 Corck jai commenc\u00e9 \u00e0 parler avec une allemande que javais dabord rencontr\u00e9e \u00e0 Dublin. Elle ma propos\u00e9 de me joindre \u00e0 elle et deux amis autrichiens pour un road-trip de quatre jours \u00e0 travers lIrlande de lOuest. M\u00eame si je ne les connaissais pas du tout, jai accept\u00e9 de me joindre \u00e0 eux, jai saut\u00e9 dans leur voiture et pass\u00e9 les meilleurs moments de mon s\u00e9jour en Irlande avec eux. Nous avons remont\u00e9 les falaises de Moher, pass\u00e9 de super soir\u00e9e \u00e0 Dingle et m\u00eame pris un auto-stoppeur su\u00e9dois pour une partie du voyage. Ce fut une exp\u00e9rience g\u00e9niale que je naurais jamais trouv\u00e9e dans un guide. 14 Ayez toujours un crayon et un papier sur vous Des c\u00e9libataires de Paris, de Lyon, de Marseille, de Bordeaux.. Nos membres proviennent de tout le pays. Recherchez des membres par distance g\u00e9ographique et rencontrez des personnes pr\u00e8s de chez vous qui vous ressemblent. Chaque jour de nombreux c\u00e9libataires nous rejoignent en sinscrivant gratuitement, pourquoi pas vous? Post\u00e9 le Vendredi 23 Novembre 2018 \u00e0 14h57 par nirina stepano Post\u00e9 le Mardi 3 Janvier 2017 \u00e0 12h20 par piso kely.<\/p>\n","protected":false},"excerpt":{"rendered":"<p>rencontre amitie canada<\/p>\n","protected":false},"author":1,"featured_media":0,"comment_status":"closed","ping_status":"closed","sticky":false,"template":"","format":"standard","meta":{"footnotes":""},"categories":[1],"tags":[],"_links":{"self":[{"href":"https:\/\/dig-stuttgart.de\/info\/wp-json\/wp\/v2\/posts\/5952"}],"collection":[{"href":"https:\/\/dig-stuttgart.de\/info\/wp-json\/wp\/v2\/posts"}],"about":[{"href":"https:\/\/dig-stuttgart.de\/info\/wp-json\/wp\/v2\/types\/post"}],"author":[{"embeddable":true,"href":"https:\/\/dig-stuttgart.de\/info\/wp-json\/wp\/v2\/users\/1"}],"replies":[{"embeddable":true,"href":"https:\/\/dig-stuttgart.de\/info\/wp-json\/wp\/v2\/comments?post=5952"}],"version-history":[{"count":1,"href":"https:\/\/dig-stuttgart.de\/info\/wp-json\/wp\/v2\/posts\/5952\/revisions"}],"predecessor-version":[{"id":5953,"href":"https:\/\/dig-stuttgart.de\/info\/wp-json\/wp\/v2\/posts\/5952\/revisions\/5953"}],"wp:attachment":[{"href":"https:\/\/dig-stuttgart.de\/info\/wp-json\/wp\/v2\/media?parent=5952"}],"wp:term":[{"taxonomy":"category","embeddable":true,"href":"https:\/\/dig-stuttgart.de\/info\/wp-json\/wp\/v2\/categories?post=5952"},{"taxonomy":"post_tag","embeddable":true,"href":"https:\/\/dig-stuttgart.de\/info\/wp-json\/wp\/v2\/tags?post=5952"}],"curies":[{"name":"wp","href":"https:\/\/api.w.org\/{rel}","templated":true}]}}