{"id":5954,"date":"2020-07-04T16:26:25","date_gmt":"2020-07-04T16:26:25","guid":{"rendered":"http:\/\/dig-stuttgart.de\/info\/?p=5954"},"modified":"2020-06-27T22:30:10","modified_gmt":"2020-06-27T22:30:10","slug":"rencontres-parents-solo-belgique","status":"publish","type":"post","link":"https:\/\/dig-stuttgart.de\/info\/2020\/07\/04\/rencontres-parents-solo-belgique\/","title":{"rendered":"Rencontres Parents Solo Belgique"},"content":{"rendered":"<p>Un instructeur form\u00e9 aux pratiques des Apaches vous enseignera les bases de la survie. Personnes inscrites ou int\u00e9ress\u00e9es : Aaron FRANCE-Alberto FRANCE-Alfred FRANCE-Aliya FRANCE-Andrew FRANCE-Antoinette SUISSE-Armande SUISSE-Armande SUISSE-Armande SUISSE-Audray FRANCE-Aur\u00e9lia FRANCE-Bernadette FRANCE-Betty FRANCE-Camilia LUXEMBOURG-Chistian FRANCE-Chryssa FRANCE-Corinne FRANCE-Deborah FRANCE-Erwann SUISSE-Fran\u00e7ois-xavier LUXEMBOURG-Gaelle FRANCE-Gemma FRANCE-Gislain LUXEMBOURG-Giulia FRANCE-Hinda BELGIQUE-Isidora FRANCE-Isidora FRANCE-Joana FRANCE-Joanne FRANCE-Jordane LUXEMBOURG-Josiane LUXEMBOURG-Julio FRANCE-Karen FRANCE-Kate FRANCE-Katya BELGIQUE-Laetitia FRANCE-Lilian SUISSE-Louanne FRANCE-Maelys SUISSE-Manuella FRANCE-Marie-Anne LUXEMBOURG-Martha LUXEMBOURG-Massimo FRANCE-Maud SUISSE-Melissandre FRANCE-Micheline SUISSE-Mina FRANCE-Mislana FRANCE-Natacha FRANCE-Natalia FRANCE-Nathaly BELGIQUE-Oc\u00e9lia FRANCE-Octave FRANCE-Ophelie FRANCE-Oriane LUXEMBOURG-Pascaline FRANCE-Pavel SUISSE-Pierre-alexandre FRANCE-Prune FRANCE-Reynald FRANCE-Rodrigues FRANCE-Ronald FRANCE-Roy BELGIQUE-Solange FRANCE-Solenn FRANCE-Stefano BELGIQUE-Tison BELGIQUE-Yang FRANCE-Mon Projet R\u00e9nov : aides \u00e0 la r\u00e9novation \u00e9nerg\u00e9tique : Formule 1 France Gall \u00c9mission r\u00e9alis\u00e9e par Andr\u00e9 Fl\u00e9d\u00e9rick et produite par Dur\u00e9e environ 70 min Diffusion le sur TF1 Bref, le vrai sens du mot relation avait tendance \u00e0 se perdre au profit des apparences, on a peut \u00eatre besoin de retrouver une dimension humaine, d\u00eatre compris par lautre. Lune des fa\u00e7ades de certains sites de rencontre, cest lexistence de plan-cul, le privil\u00e8ge des jeunes, des beaux, des riches \u00e9galement. On a mis de c\u00f4t\u00e9 un aspect des choses : la r\u00e9alit\u00e9. : Le Lapin de No\u00ebl Conte \u00e9crit par pour Production de Daisy de Galard R\u00e9alisation de Georges Dumoulin, r\u00f4le de lagent de la circulation, dur\u00e9e 25 min, 2 e cha\u00eene ORTF Elle oeuvre pour une meilleure prise en compte de leur cause par les Enable you to book a flight and access your account securely Enregistrer le nombre de visiteurs sur nos pages web Ajoutons y une balade avec un \u00e2ne, une descente en cano\u00e9 sur la V\u00e9z\u00e8re et des jeux pour les enfants et ce sont des vacances formidables pour les petits et les grands! Pour discuter du forum, de son usage, proposer des id\u00e9es En 2012, dans l\u00e9mission t\u00e9l\u00e9vis\u00e9e d,, France Gall se rappelle avoir d\u00e9clin\u00e9 loffre du r\u00e9alisateur pour interpr\u00e9ter, dans sorti en, le r\u00f4le de Dominique \u00e0 cause dune sc\u00e8ne o\u00f9 elle aurait d\u00fb embrasser, car, \u00e0 l\u00e9poque, elle avait une relation amoureuse avec. <img decoding=\"async\" src=\"http:\/\/www.giveupart.com\/wordpress\/wp-content\/uploads\/2015\/09\/01_Tempa100_Cover-462x308.jpg\" alt=\"rencontres parents solo belgique\" align=\"left\"> <img decoding=\"async\" src=\"http:\/\/www.enfant-different.org\/sites\/default\/files\/documents\/articles\/caf%C3%A9parents.jpg\" alt=\"rencontres parents solo belgique\" align=\"center\"> <img decoding=\"async\" src=\"http:\/\/www.be.emb-japan.go.jp\/image\/160602_chado.jpg\" alt=\"rencontres parents solo belgique\" align=\"right\">  Offrir la possibilit\u00e9 de r\u00e9agir sur notre site web  D\u00e9part de : Basel, Gen\u00e8ve, Zurich, Bruxelles, Luxembourg, Bordeaux, Clermont-Ferrand, Lille, Lyon, Marseille, Mulhouse, Nantes, Nice, Pau-Pyr\u00e9n\u00e9es, Paris, Strasbourg, Toulouse, Milan, Montr\u00e9al Saint-L\u00e9ger les Vignes est situ\u00e9 sur laxe routier reliant Nantes \u00e0 Pornic, offrant \u00e0 ses habitants un cadre de vie calme et verdoyant proche des commodit\u00e9s de la m\u00e9tropole et de loc\u00e9an. En cherchant sur internet une association pour les familles monoparentales et recompos\u00e9es, je suis tomb\u00e9e sur ton tr\u00e8s ancien message 2006. Y-a-t-il du neuf depuis? Je tavoue que je suis tr\u00e8s int\u00e9ress\u00e9e par ton initiative. Je suis moi-m\u00eame maman dun petit gar\u00e7on de 4 ans, s\u00e9par\u00e9e de son papa. Je me sens souvent isol\u00e9e par rapport \u00e0 ma situation m\u00eame si je suis \u00e0 nouveau en couple. Jai travaill\u00e9 dans lassociatif durant des ann\u00e9es, comme b\u00e9n\u00e9vole et charg\u00e9e de projets, je suis aujourdhui m\u00e9diatrice familiale et toute pr\u00eate \u00e0 me lancer dans ce type de projet! Football Cyclisme Tennis Moteurs R\u00e9gions Autres sports Si vous trouvez quelque chose de votre c\u00f4t\u00e9, faites moi signe svp. Moi je suis sur docti depuis le d\u00e9but de ma grossesse donc ao\u00fbt 2008..tcheeuuu en y repensant..\u00e7a en fait du temps \ud83d\ude00 avec S\u00e9bastien Gobert, correspondant de Mediapart en Ukraine Voil\u00e0 petit gars est fin pr\u00eat pour sa rentr\u00e9e des classes..;-Top 3 des sites pour les parents solos.. Mais pas isol\u00e9s! Il est aussi destin\u00e9 au grand public en vue de faire 0 Votez pour ce message Se connecter Cr\u00e9er un compte Linitiative bruxelloise a fait son chemin dans la t\u00eate de Julie Praet et de Laure Greban, guid\u00e9es par leur envie de cr\u00e9er des liens dans un tissu urbain et leur attachement \u00e0 lid\u00e9e de la transmission et des liens interg\u00e9n\u00e9rationnels. Comment les concilier en un seul et m\u00eame projet, tout en prenant en compte le fait que les parents solos font parties des publics les plus vuln\u00e9rables et sont en demande de soutien? .<\/p>\n","protected":false},"excerpt":{"rendered":"<p>rencontres parents solo belgique<\/p>\n","protected":false},"author":1,"featured_media":0,"comment_status":"closed","ping_status":"closed","sticky":false,"template":"","format":"standard","meta":{"footnotes":""},"categories":[1],"tags":[],"_links":{"self":[{"href":"https:\/\/dig-stuttgart.de\/info\/wp-json\/wp\/v2\/posts\/5954"}],"collection":[{"href":"https:\/\/dig-stuttgart.de\/info\/wp-json\/wp\/v2\/posts"}],"about":[{"href":"https:\/\/dig-stuttgart.de\/info\/wp-json\/wp\/v2\/types\/post"}],"author":[{"embeddable":true,"href":"https:\/\/dig-stuttgart.de\/info\/wp-json\/wp\/v2\/users\/1"}],"replies":[{"embeddable":true,"href":"https:\/\/dig-stuttgart.de\/info\/wp-json\/wp\/v2\/comments?post=5954"}],"version-history":[{"count":1,"href":"https:\/\/dig-stuttgart.de\/info\/wp-json\/wp\/v2\/posts\/5954\/revisions"}],"predecessor-version":[{"id":5955,"href":"https:\/\/dig-stuttgart.de\/info\/wp-json\/wp\/v2\/posts\/5954\/revisions\/5955"}],"wp:attachment":[{"href":"https:\/\/dig-stuttgart.de\/info\/wp-json\/wp\/v2\/media?parent=5954"}],"wp:term":[{"taxonomy":"category","embeddable":true,"href":"https:\/\/dig-stuttgart.de\/info\/wp-json\/wp\/v2\/categories?post=5954"},{"taxonomy":"post_tag","embeddable":true,"href":"https:\/\/dig-stuttgart.de\/info\/wp-json\/wp\/v2\/tags?post=5954"}],"curies":[{"name":"wp","href":"https:\/\/api.w.org\/{rel}","templated":true}]}}