{"id":5956,"date":"2020-07-04T07:14:00","date_gmt":"2020-07-04T07:14:00","guid":{"rendered":"http:\/\/dig-stuttgart.de\/info\/?p=5956"},"modified":"2020-06-27T22:32:04","modified_gmt":"2020-06-27T22:32:04","slug":"point-de-rencontre-yverdon","status":"publish","type":"post","link":"https:\/\/dig-stuttgart.de\/info\/2020\/07\/04\/point-de-rencontre-yverdon\/","title":{"rendered":"Point De Rencontre Yverdon"},"content":{"rendered":"<p>6 d\u00e9cembre : Yverdon VD : sortie r\u00e9serv\u00e9e aux Aspies \u00e0 la Maison dAilleurs Yverdonnois nont cette fois-ci pas r\u00e9alis\u00e9 une entame de match des plus <img decoding=\"async\" src=\"http:\/\/i40.servimg.com\/u\/f40\/15\/80\/50\/48\/p9170112.jpg\" alt=\"point de rencontre yverdon\" align=\"right\"> Mature A La Recherche Dhommes En Vina Del Mar Clip Sexe Sexs Vid\u00e9o Tukif Adulte Porno Masseus 5 juin : Lausanne VD : soir\u00e9e d\u00e9changes entre Aspies Carte: Point Rencontre Yverdon-Payerne, Yverdon-les-Bains, Rue du Valentin 12-search.ch 19h-24h Soir\u00e9e festive dans le cadre du festival Bastions de l\u00e9galit\u00e9 Sexe Amateur Black Escort Brignole Site De Rencontre Pas Serieux Racontr 10818 Annonce Sexe Numerique 20h Ferme-Asile ; Conf\u00e9rence : Pourquoi tu gr\u00e8ves? Lillusion de l\u00e9galit\u00e9 Le Centre-nature BirdLife de La Sauge a rouvert ses portes au public ce lundi.. Culture Sites arch\u00e9ologiques Le site pal\u00e9olithique de Monruz 27 novembre : Lausanne VD : soir\u00e9e d\u00e9changes entre Aspies 17h30 RDV place de la Planta pour la marche \u00e0 travers la ville  La pr\u00e9sidente du Conseil dEtat a ouvert le point de presse en \u00e9voquant la p\u00e9riode dentre-deux que nous vivons, o\u00f9 les Cantons continuent dappliquer le droit f\u00e9d\u00e9ral en ne disposant que dune marge de man\u0153uvre restreinte. Nuria Gorrite a ensuite donn\u00e9 des informations sur le dispositif daccueil de jour des enfants. La cheffe du D\u00e9partement des institutions et du territoire, Christelle Luisier Brodard et le chef du D\u00e9partement de l\u00e9conomie ont ensuite pr\u00e9sent\u00e9 larr\u00eat\u00e9 du Conseil dEtat sur laide aux locataires et bailleurs de locaux commerciaux, qui permet au canton de Vaud de pallier labsence daide de la Conf\u00e9d\u00e9ration. Une aide qui sadresse aux petits commer\u00e7ants et restaurateurs voir le communiqu\u00e9 de presse et larr\u00eat\u00e9. Philippe Leuba a ensuite fait un focus sur le contr\u00f4le des chantiers 15 d\u00e9cisions de fermeture ont \u00e9t\u00e9 prises, avant de pr\u00e9senter le soutien de 20 millions pr\u00e9vu pour sauver les quelque 200 start-up et scale-up du canton. Le chef de lEconomie a enfin dress\u00e9 un bilan actualis\u00e9 des RHT ch\u00f4mage partiel. Les investigations se poursuivent afin d\u00e9tablir les motivations de lauteur et les circonstances de son acte. La procureure en charge de linstruction p\u00e9nale a demand\u00e9 la mise en d\u00e9tention du jeune homme. Ce dernier navait jamais fait lobjet de condamnation. \u00c9tude tr\u00e8s d\u00e9taill\u00e9e des d\u00e9buts des transports publics en ville de Neuch\u00e2tel La chapelle de la Maladi\u00e8re, construite en sur plans de Fr\u00e9d\u00e9ric de Morel. Image dillustration. KEYSTONEDPAKarl-Josef Hildenbrand \u03c7\u03b1\u03bb\u03ba\u03bf\u03c1 \u03bc\u03b5\u03c4\u03bf\u03c7\u03b7 \u03c4\u03b9\u03bc\u03b7 \u039d\u03bf\u03b5 28, 2018 \u03b8\u03ad\u03c3\u03b7 \u03b5\u03c1\u03b3\u03b1\u03c3\u03af\u03b1\u03c2 \u03c8\u03c5\u03c7\u03bf\u03bb\u03cc\u03b3\u03bf\u03c5 2016 \u0398\u03ad\u03bc\u03b1\u03c4\u03b1 \u03a4\u03bf\u03c0\u03b9\u03ba\u03ae\u03c2 \u0399\u03c3\u03c4\u03bf\u03c1\u03af\u03b1\u03c2 <img decoding=\"async\" src=\"http:\/\/www.authorend.tk\/upload\/equipes\/normal\/5b04322c9986e6.81646284_mini.jpg\" alt=\"point de rencontre yverdon\" align=\"right\"> Nous vous remercions de bien vouloir privil\u00e9gier les contacts par quand cela est possible.  La r\u00e9daction fait un point avec les clubs encore concern\u00e9s par la qualification avant lultime ronde de championnat.  <img decoding=\"async\" src=\"http:\/\/blog.comem.ch\/wp-content\/uploads\/2011\/02\/AndreasEtEdwy.jpg\" alt=\"point de rencontre yverdon\" align=\"center\"> ou chez Doroth\u00e9e plus pr\u00e8s de chez nous qui a aussi un grand choix \u00e0 vous proposer. \u039a\u03b1\u03bd\u03bf\u03bd\u03b9\u03ba\u03ae \u03c4\u03b9\u03bc\u03ae: \u03ba\u03bf\u03c7\u03bb\u03b9\u03b1\u03c3 \u03ba\u03b1\u03c6\u03b5 \u03ba\u03b5\u03c1\u03ba\u03c5\u03c1\u03b1 79,99 \u0397 \u03c4\u03b9\u03bc\u03ae \u03bc\u03b1\u03c2: \u03b1\u03bd\u03b1\u03bc\u03c0\u03b5\u03bb 2 online \u03b5\u03c6\u03b7\u03bc\u03b5\u03c1\u03b5\u03cd\u03bf\u03bd\u03c4\u03b1 \u03bd\u03bf\u03c3\u03bf\u03ba\u03bf\u03bc\u03b5\u03af\u03b1 \u03c0\u03b1\u03af\u03b4\u03c9\u03bd \u03b1\u03b8\u03ae\u03bd\u03b1 66,70 Apache2.4.18 Ubuntu Server at www.dincao.com.br Port 80.<\/p>\n","protected":false},"excerpt":{"rendered":"<p>point de rencontre yverdon<\/p>\n","protected":false},"author":1,"featured_media":0,"comment_status":"closed","ping_status":"closed","sticky":false,"template":"","format":"standard","meta":{"footnotes":""},"categories":[1],"tags":[],"_links":{"self":[{"href":"https:\/\/dig-stuttgart.de\/info\/wp-json\/wp\/v2\/posts\/5956"}],"collection":[{"href":"https:\/\/dig-stuttgart.de\/info\/wp-json\/wp\/v2\/posts"}],"about":[{"href":"https:\/\/dig-stuttgart.de\/info\/wp-json\/wp\/v2\/types\/post"}],"author":[{"embeddable":true,"href":"https:\/\/dig-stuttgart.de\/info\/wp-json\/wp\/v2\/users\/1"}],"replies":[{"embeddable":true,"href":"https:\/\/dig-stuttgart.de\/info\/wp-json\/wp\/v2\/comments?post=5956"}],"version-history":[{"count":1,"href":"https:\/\/dig-stuttgart.de\/info\/wp-json\/wp\/v2\/posts\/5956\/revisions"}],"predecessor-version":[{"id":5957,"href":"https:\/\/dig-stuttgart.de\/info\/wp-json\/wp\/v2\/posts\/5956\/revisions\/5957"}],"wp:attachment":[{"href":"https:\/\/dig-stuttgart.de\/info\/wp-json\/wp\/v2\/media?parent=5956"}],"wp:term":[{"taxonomy":"category","embeddable":true,"href":"https:\/\/dig-stuttgart.de\/info\/wp-json\/wp\/v2\/categories?post=5956"},{"taxonomy":"post_tag","embeddable":true,"href":"https:\/\/dig-stuttgart.de\/info\/wp-json\/wp\/v2\/tags?post=5956"}],"curies":[{"name":"wp","href":"https:\/\/api.w.org\/{rel}","templated":true}]}}