{"id":5968,"date":"2020-07-04T07:17:23","date_gmt":"2020-07-04T07:17:23","guid":{"rendered":"http:\/\/dig-stuttgart.de\/info\/?p=5968"},"modified":"2020-06-27T22:42:03","modified_gmt":"2020-06-27T22:42:03","slug":"rencontre-ricard","status":"publish","type":"post","link":"https:\/\/dig-stuttgart.de\/info\/2020\/07\/04\/rencontre-ricard\/","title":{"rendered":"Rencontre Ricard"},"content":{"rendered":"<p>La r\u00e9activit\u00e9 des pieds, la flexion plantaire et la pose de pied. Avoir une ferme avec pleins danimaux et faire de la peinture!  <img decoding=\"async\" src=\"http:\/\/sf1.viepratique.fr\/wp-content\/uploads\/sites\/5\/2017\/04\/rencontre-psycho-matthieuricard-couv-750x410.jpg\" alt=\"rencontre ricard\" align=\"center\"> Les 50 ans dHimalaya de Matthieu Ricard, LExpress.fr, 6 octobre 2017, consult\u00e9 le 5 octobre 2018 Ils recherchent leurs futurs co\u00e9quipiers, passionn\u00e9s par lunivers startup et anim\u00e9s par lenvie de participer \u00e0 un projet ambitieux : celui de r\u00e9volutionner le monde opaque et d\u00e9pass\u00e9 de la communication par lobjet. Termin\u00e9 le bob Ricard et le stylo polluant qui dorment dans la coupelle de lentr\u00e9e. Au revoir cadeaux daffaires d\u00e9mod\u00e9s et clefs USB inutilis\u00e9es.  Bien que certaines parties soient destin\u00e9es aux joueurs, entraineurs ou aux parents de joueurs, il est accessible \u00e0 tous et est illustr\u00e9 de vid\u00e9os et de liens. <img decoding=\"async\" src=\"http:\/\/events.ulg.ac.be\/ra2015\/wp-content\/uploads\/sites\/25\/2015\/09\/JLW15-rabhi-ricard-029.jpg\" alt=\"rencontre ricard\" align=\"center\"> Activit\u00e9 op\u00e9rationnelle, Associatif, Pr\u00e9vention Suite \u00e0 \u00e7a, Paul Ricard distribue et fait tester cet alcool, qui est interdit dans les caf\u00e9s de son quartier Sainte-Marthe, ce qui lui cause des poursuites par les autorit\u00e9s de police et de douane-voulez-vous dans lid\u00e9al une mise en station fixe terrain dobs dans le jardin du g\u00eete ou peu importe. De mon \u00e2me \u00e0 ton \u00e2me, de mon esprit \u00e0 ton esprit, de mon c\u0153ur \u00e0 ton c\u0153ur. Nous avons eu la joie de rencontrer Matthieu Ricard lors de notre voyage de novembre. Il nous a encourag\u00e9 \u00e0 continuer notre action pour le N\u00e9pal. La loi de l\u00e2me est radicale : si je ne suis pas proche de moi, je ne le serai de personne, et personne ne pourra impun\u00e9ment mapprocher! <img decoding=\"async\" src=\"http:\/\/s2.dmcdn.net\/IQIwD.jpg\" alt=\"rencontre ricard\" align=\"right\"> Au travers dun communiqu\u00e9 de presse, le collectif V\u00e9lorution Orl\u00e9ans a tr\u00e8s justement appel\u00e9 \u00e0 un r\u00e9\u00e9quilibrage de lespace public afin que les pi\u00e9tons et les cyclistes urbains puissent se d\u00e9placer en s\u00e9curit\u00e9. Si les \u00e9lus de la m\u00e9tropole orl\u00e9anaise r\u00e9pondent favorablement \u00e0 cet appel, les automobilistes vont vocif\u00e9rer que la voiture est le moyen.. Lire la A lorigine, quelques passionn\u00e9s de montagne, issus dhorizons divers, forts de leur exp\u00e9rience.. Matthieu Ricard, un demi-si\u00e8cle dans lHimalaya-1re partie : ses rencontres-LUBF : F\u00e9d\u00e9ration des Associations Bouddhistes de France On peut conqu\u00e9rir des milliers dhommes dans une bataille, mais celui qui se conquiert lui-m\u00eame est le plus noble des conqu\u00e9rants. Matthieu Ricard. Non, bien s\u00fbr! Personnellement, si jai tout quitt\u00e9 pour vivre depuis quarante ans aupr\u00e8s de ma\u00eetres spirituels dans lHimalaya, cest parce que je suis convaincu que le plus important est dessayer sinc\u00e8rement de devenir un meilleur \u00eatre humain jour apr\u00e8s jour, cest pour moi une \u00e9vidence absolue! Et, parfois, quand j\u00e9voque ces \u00e9tudes mesurant laltruisme avec des Orientaux, ils me r\u00e9torquent : Mais cest tellement \u00e9vident, tu parles \u00e0 des enfants! Sauf que si javais fait le m\u00eame livre sans la moindre argumentation ni preuve scientifique, on aurait dit : Le moine bouddhiste, il r\u00eave dans son Himalaya, il nous raconte des balivernes, quil vienne ici, quil descende de son ermitage, et on verra! Je d\u00e9clare \u00eatre actionnaire de la soci\u00e9t\u00e9 concern\u00e9e Le patron moteur du patinage induit une anteversion du bassin chez une grande partie des hockeyeurs d\u00e8s le plus jeune \u00e2ge, \u00e0 cause notamment dune absence de flexion plantaire et de fl\u00e9chisseurs de hanche trop puissants et trop raccourcis. Avant dentreprendre quelque exercice de renforcement musculaire que ce soit, il semble indispensable de situer son bassin, de lisoler et de pouvoir le contr\u00f4ler afin de le placer en position ad\u00e9quate. Des exercices danteversion et de r\u00e9troversion, des postures de yoga chat, tigre, chien t\u00eate en bas paraissent \u00eatre une \u00e9tape essentielle pour avoir conscience de son bassin. On aura le loisir ensuite de proposer des exercices de renforcement de la ceinture pelvienne et des muscles profonds multifidi du dos. Puis un travail avec des charges. Au vue de mon exp\u00e9rience personnelle et de mon v\u00e9cu, jai d\u00e9couvert un sport sollicitant les muscles profonds, la kinesth\u00e9sie, la proprioception, le placement du bassin, la tenue du tronc et de la t\u00eate, il sagit de la Slack Line. Comme cest une course tr\u00e8s m\u00e9diatis\u00e9e et que je lai remport\u00e9e devant de tr\u00e8s bons coureurs, comme Andy Symonds du Team Salomon notamment, cela a eu beaucoup dimpact sur la suite de ma carri\u00e8re sportive. Nous vous remercions pour lint\u00e9r\u00eat que vous portez \u00e0 nos publications. La simplicit\u00e9 procure davantage de bonheur que la complexit\u00e9. Quand lesprit est serein, la joie suit comme une ombre qui ne nous quitte jamais. Message en cas derreur au focus sur le champ Veuillez saisir le code de s\u00e9curit\u00e9 ci-dessous : .<\/p>\n","protected":false},"excerpt":{"rendered":"<p>rencontre ricard<\/p>\n","protected":false},"author":1,"featured_media":0,"comment_status":"closed","ping_status":"closed","sticky":false,"template":"","format":"standard","meta":{"footnotes":""},"categories":[1],"tags":[],"_links":{"self":[{"href":"https:\/\/dig-stuttgart.de\/info\/wp-json\/wp\/v2\/posts\/5968"}],"collection":[{"href":"https:\/\/dig-stuttgart.de\/info\/wp-json\/wp\/v2\/posts"}],"about":[{"href":"https:\/\/dig-stuttgart.de\/info\/wp-json\/wp\/v2\/types\/post"}],"author":[{"embeddable":true,"href":"https:\/\/dig-stuttgart.de\/info\/wp-json\/wp\/v2\/users\/1"}],"replies":[{"embeddable":true,"href":"https:\/\/dig-stuttgart.de\/info\/wp-json\/wp\/v2\/comments?post=5968"}],"version-history":[{"count":1,"href":"https:\/\/dig-stuttgart.de\/info\/wp-json\/wp\/v2\/posts\/5968\/revisions"}],"predecessor-version":[{"id":5969,"href":"https:\/\/dig-stuttgart.de\/info\/wp-json\/wp\/v2\/posts\/5968\/revisions\/5969"}],"wp:attachment":[{"href":"https:\/\/dig-stuttgart.de\/info\/wp-json\/wp\/v2\/media?parent=5968"}],"wp:term":[{"taxonomy":"category","embeddable":true,"href":"https:\/\/dig-stuttgart.de\/info\/wp-json\/wp\/v2\/categories?post=5968"},{"taxonomy":"post_tag","embeddable":true,"href":"https:\/\/dig-stuttgart.de\/info\/wp-json\/wp\/v2\/tags?post=5968"}],"curies":[{"name":"wp","href":"https:\/\/api.w.org\/{rel}","templated":true}]}}