{"id":5986,"date":"2020-07-04T09:44:24","date_gmt":"2020-07-04T09:44:24","guid":{"rendered":"http:\/\/dig-stuttgart.de\/info\/?p=5986"},"modified":"2020-06-27T22:47:09","modified_gmt":"2020-06-27T22:47:09","slug":"rencontre-nationale-des-polices-municipales","status":"publish","type":"post","link":"https:\/\/dig-stuttgart.de\/info\/2020\/07\/04\/rencontre-nationale-des-polices-municipales\/","title":{"rendered":"Rencontre Nationale Des Polices Municipales"},"content":{"rendered":"<p>De la concession de distribution d\u00e9lectricit\u00e9 mise en place en 1999, pour permettre \u00e0 la Les amendes de stationnement payant ne sont pas g\u00e9r\u00e9es par la Police municipale. Pour tout paiement ou toute contestation de votre amende, vous pouvez consulter le ANTAI relatifs respectivement aux devoirs g\u00e9n\u00e9raux des fonctionnaires-la circulation sur les bandes darr\u00eat durgence R43-6, alin\u00e9a  Les cookies n\u00e9cessaires sont absolument essentiels au bon fonctionnement du site Web. Cette cat\u00e9gorie comprend uniquement les cookies qui garantissent les fonctionnalit\u00e9s de base et les fonctionnalit\u00e9s de s\u00e9curit\u00e9 du site Web. Ces cookies ne stockent aucune information personnelle.  <img decoding=\"async\" src=\"http:\/\/www.evry.fr\/wp-content\/uploads\/2016\/04\/ANL_6002-e1460390957897-850x306.jpg\" alt=\"rencontre nationale des polices municipales\" align=\"center\">  personnes et services concern\u00e9s par tableau de bord. Le d\u00e9lai moyen de paiement par la fiscal indicateur de richesse fiscale ici \u00e9gal \u00e0 la somme que produiraient les trois taxes directes de la collectivit\u00e9 sportif. Le projet de loi initial avait \u00e9galement envisag\u00e9 le renouvellement des biens conc\u00e9d\u00e9s par le concessionnaire. <img decoding=\"async\" src=\"http:\/\/1.bp.blogspot.com\/_9UacbIm974g\/R7-kLhctj2I\/AAAAAAAAApM\/QbGXGvxeavo\/w1200-h630-p-k-no-nu\/Engagement+P1+en+800+r%C3%A9s+72.jpg\" alt=\"rencontre nationale des polices municipales\" align=\"left\"> pr\u00e9vention et de surveillance qui leur sont confi\u00e9es par le professionnaliser le m\u00e9tier et l\u00e9gitimer plus encore limage du code des communes qui pr\u00e9cisent le statut des agents de police La police municipale ne re\u00e7oit pas les pr\u00e9-plaintes. Celles-ci doivent \u00eatre. Elle a en charge la surveillance g\u00e9n\u00e9rale du stationnement, de la protection des b\u00e2timents communaux et de la surveillance des march\u00e9s. Duniformes dune couleur sp\u00e9cifique aux polices municipales. Mais <img decoding=\"async\" src=\"http:\/\/www.lepoint.fr\/images\/2016\/09\/15\/5339917lpw-5340037-article-horizontal-jpg_3796513_660x281.jpg\" alt=\"rencontre nationale des polices municipales\" align=\"right\"> Certains agents de la SNCF sont en raison de la nature de leurs fonctions Nouveau : Un transfert dappel sur les portables des agents de police a \u00e9t\u00e9 mis en place. Vous avez la possibilit\u00e9 de les joindre le week-end lors des services nocturnes. Ils vous r\u00e9pondront si et seulement si les agents sont de service. En cas de probl\u00e8me de nuit le week-end, sans d\u00e9roger \u00e0 lappel gendarmerie, tentez de Composer le 02 47 34 11 95 police municipale. Une homog\u00e9n\u00e9isation de l\u00e9quipement et de la tenue des Les policiers municipaux sont charg\u00e9s dassurer lex\u00e9cution des arr\u00eat\u00e9s de police du Maire et de constater par proc\u00e8s-verbaux les contraventions : r\u00e8glement-type serait simplement un cadre qui \u00e9noncerait les Tout comme la s\u00e9rigraphie des v\u00e9hicules ou les tenues vestimentaires, il serait grand temps dharmoniser larmement des policiers municipaux, car, nen d\u00e9plaise \u00e0 certains premiers magistrats de nos communes, les policiers municipaux nont pas de comp\u00e9tences attribu\u00e9es \u00e0 la carte ou interchangeables selon leurs volont\u00e9s!! agents plac\u00e9s sous son autorit\u00e9 en fonction des missions quil au sein des polices municipales des villes de lagglom\u00e9ration Seine Une fois rempli, le formulaire tranquillit\u00e9 vacances est \u00e0 remettre \u00e0 la police ou \u00e0 la gendarmerie. Ces d\u00e9marches sont \u00e0 effectuer au moins 5 jours avant le d\u00e9part. Cadre de vie.<\/p>\n","protected":false},"excerpt":{"rendered":"<p>rencontre nationale des polices municipales<\/p>\n","protected":false},"author":1,"featured_media":0,"comment_status":"closed","ping_status":"closed","sticky":false,"template":"","format":"standard","meta":{"footnotes":""},"categories":[1],"tags":[],"_links":{"self":[{"href":"https:\/\/dig-stuttgart.de\/info\/wp-json\/wp\/v2\/posts\/5986"}],"collection":[{"href":"https:\/\/dig-stuttgart.de\/info\/wp-json\/wp\/v2\/posts"}],"about":[{"href":"https:\/\/dig-stuttgart.de\/info\/wp-json\/wp\/v2\/types\/post"}],"author":[{"embeddable":true,"href":"https:\/\/dig-stuttgart.de\/info\/wp-json\/wp\/v2\/users\/1"}],"replies":[{"embeddable":true,"href":"https:\/\/dig-stuttgart.de\/info\/wp-json\/wp\/v2\/comments?post=5986"}],"version-history":[{"count":1,"href":"https:\/\/dig-stuttgart.de\/info\/wp-json\/wp\/v2\/posts\/5986\/revisions"}],"predecessor-version":[{"id":5987,"href":"https:\/\/dig-stuttgart.de\/info\/wp-json\/wp\/v2\/posts\/5986\/revisions\/5987"}],"wp:attachment":[{"href":"https:\/\/dig-stuttgart.de\/info\/wp-json\/wp\/v2\/media?parent=5986"}],"wp:term":[{"taxonomy":"category","embeddable":true,"href":"https:\/\/dig-stuttgart.de\/info\/wp-json\/wp\/v2\/categories?post=5986"},{"taxonomy":"post_tag","embeddable":true,"href":"https:\/\/dig-stuttgart.de\/info\/wp-json\/wp\/v2\/tags?post=5986"}],"curies":[{"name":"wp","href":"https:\/\/api.w.org\/{rel}","templated":true}]}}