{"id":5988,"date":"2020-07-04T17:43:22","date_gmt":"2020-07-04T17:43:22","guid":{"rendered":"http:\/\/dig-stuttgart.de\/info\/?p=5988"},"modified":"2020-06-27T22:47:40","modified_gmt":"2020-06-27T22:47:40","slug":"cafe-rencontre-montreal-2","status":"publish","type":"post","link":"https:\/\/dig-stuttgart.de\/info\/2020\/07\/04\/cafe-rencontre-montreal-2\/","title":{"rendered":"Cafe Rencontre Montreal"},"content":{"rendered":"<p>Dans la nuit du 5 au 6 juillet 2013, Pascal Charest a perdu les trois personnes les plus ch\u00e8res \u00e0 sa vie: ses filles Bianka et Alyssa, et leur mldr; Chez Mado&#8230;&#8230;.oups ha ha yen a qui suiven Cest encore au Perko que notre conversation se passe et que je mapplique \u00e0 r\u00e9pondre \u00e0 ses questions sachant qu une heure cest bien court m\u00eame si on r\u00e9duit le r\u00e9f\u00e9rencement \u00e0 loptimisation onpage Ce forum est d\u00e9di\u00e9 aux \u00e9changes concernant le syndrome dAsperger Les Soir\u00e9es Cafe Rencontre Pour La R\u00e9gion De Montr\u00e9al???-Rencontres hebdomadaires de Ridaventuriers-RidAventure.ca-Lieu de randonn\u00e9es \u00c9piques!  Le tournant dans la vie de Kit Racette a \u00e9t\u00e9 la mort de sa fille, alors \u00e2g\u00e9e de 40 ans. Une mort subite; la premi\u00e8re \u00e0 la toucher daussi pr\u00e8s. Caf\u00e9 rencontre : le 2 novembre \u00e0 Montr\u00e9al-Fondation pour enfants diab\u00e9tiques Le but est de ne pas laisser mourir cette tradition&#8230;&#8230;.et il y a des faces \u00e0 claque qui sont toujours fun \u00e0 voir! Entre le graphiste qui ne veut pas voir une ligne de texte et le consultant SEO qui est obs\u00e9d\u00e9 par le contenu, il est des compromis que chacun devra consid\u00e9rer. De 2008 \u00e0 2009, Karen a si\u00e9g\u00e9 au Comit\u00e9 P\u00e9diatrique de \u00e0 lAgence europ\u00e9enne du m\u00e9dicament EMA en tant que repr\u00e9sentante de patients. En 2008, elle a si\u00e9g\u00e9 au Comit\u00e9 consultatif de protection des personnes dans la recherche biom\u00e9dicale CCPPRB dun grand h\u00f4pital parisien. Karen a collabor\u00e9 avec plusieurs organisations de patients et des fondations de recherche dans le domaine des maladies rares tels quAlliance Sanfilippo et Eurordis. Karen est aussi un membre fondateur de lInternational Rare Diseases Research Consortium IRDiRC. Pr\u00e9sentement plusieurs b\u00e9n\u00e9voles font la distribution de kits sanita.. Ires au Manoir Aim\u00e9-L\u00e9onard et Manoir Gouin.  Dune capacit\u00e9 de 60 personnes, le caf\u00e9 litt\u00e9raire Chez l\u00c9diteur Griffintown est votre lieu de pr\u00e9dilection pour tout type d\u00e9v\u00e9nement! Tournages, anniversaires, party de bureau, lancements, etc. Cet espace locatif sadapte \u00e0 vos besoins et saura combler vos d\u00e9sirs en mati\u00e8re despace locatif avec ses comptoirs en marbre, ses grandes biblioth\u00e8ques, son mur de brique rouge, sa personnalit\u00e9 chaleureuse et son style moderne. <img decoding=\"async\" src=\"http:\/\/michelsylvain.com\/thumbs\/tb_728505.jpg\" alt=\"cafe rencontre montreal\" align=\"center\"> Secteur de lh\u00f4tellerie, de la restauration et des caf\u00e9s Nous passons un agr\u00e9able moment, tr\u00e8s d\u00e9cal\u00e9 et moins studieux qu\u00e0 laccoutum\u00e9. Le caf\u00e9 SEO est ainsi fait de belles rencontres, de surprises et de personnages qui me sortent du quotidien et font du bien \u00e0 mes semaines. Cest pour cela que pour vous aider dans votre folle recherche de sorties socialisantes, Stage Canada vous d\u00e9voile le top 5 dans bars \u00e9tudiants! Attention, il y en a pour tous les go\u00fbts!source: Votre foi est active, votre charit\u00e9 se donne de la peine, votre esp\u00e9rance tient bon en notre Seigneur J\u00e9sus Christ. 1 Th 1,3 <img decoding=\"async\" src=\"http:\/\/michelsylvain.com\/picupload\/ms_860073.jpg\" alt=\"cafe rencontre montreal\" align=\"right\"> Peu apr\u00e8s, le caf\u00e9 arrive en. Le premier caf\u00e9 ouvert en Europe a vu le jour en Serbie \u00e0 Belgrade en 1522 dans le quartier de Dorcol peu apr\u00e8s que Soliman le Magnifique ne sempara de la ville. La ville de Sarajevo prit le pli en 1592. La passion pour le gagne en et le premier caf\u00e9 nouvre \u00e0 quen. En, lhistoire des caf\u00e9s commence avec la lorsque, les Ottomans d\u00e9faits, on saisit alors des sacs de f\u00e8ves vertes. \u00c0, o\u00f9 un jeune arm\u00e9nien, Pasqua Ros\u00e9e, ouvre le premier caf\u00e9, le public appr\u00e9cie le go\u00fbt de ce nouveau breuvage et, par la suite, leur nombre augmente jusqu\u00e0 plus de 2 000 \u00e0 Londres pendant le XVIII e si\u00e8cle. Une connexion WiFi gratuite et illimit\u00e9e est disponible dans l\u00e9tablissement. Tout d\u00e9bute \u00e0 la source, sur les terres des plus grands producteurs de caf\u00e9. Dans les grands espaces Sud-Am\u00e9ricain, Asiatique ou Africain. Nous pensons quil est essentiel dentretenir des relations de proximit\u00e9 avec nos producteurs et de les aider en leur assurant des conditions de vie d\u00e9centes. Pour cette raison, nous travaillons de pr\u00e8s avec des pays comme le Congo, la Bolivie ou le Mexique et des OBNL agr\u00e9\u00e9es sur place. Chez l\u00c9diteur-caf\u00e9 litt\u00e9raire, tous droits r\u00e9serv\u00e9s Pendant ce temps elle d\u00e9velopperait son contenu et am\u00e9liorerait sa plateforme dotclear apr\u00e8s une <img decoding=\"async\" src=\"http:\/\/www.rosecafe.ca\/wp-content\/uploads\/2014\/07\/Rose_cafe_cafe_image2_large.jpg\" alt=\"cafe rencontre montreal\" align=\"left\"> Depuis plus de 30 ans, ce petit caf\u00e9 de quartier, perdu entre les immeubles de la rue Saint-Urbain, ravit les voisins imm\u00e9diats et un grand nombre de visiteurs. En plus d\u00eatre un caf\u00e9 de qualit\u00e9 exceptionnelle, on peut y d\u00e9guster une quinzaine de sortes de th\u00e9, de d\u00e9licieux g\u00e2teux et un assortiment de plats bon march\u00e9 savoureux. Le d\u00e9cor \u00e9clectique du est inspirant, sans parler de la magnifique terrasse \u00e0 larri\u00e8re chauff\u00e9e. Caf\u00e9 Olimpico 124 Saint-Viateur Ouest  Favoriser une saine alimentation chez lenfant 1-5 ans LAGPQ organise un caf\u00e9-rencontre le Mercredi 6 Avril. Les groupes de parole et d\u00e9change de lAGPQ reprennent avec un nouveau souffle en 2016. LAssociation des grands-parents vous propose des caf\u00e9s-rencontres en pr\u00e9sence dune ou plusieurs animatrices dans le but de partager vos difficult\u00e9s, vos inqui\u00e9tudes, mais aussi vos bonheurs et vos accomplissements.<\/p>\n","protected":false},"excerpt":{"rendered":"<p>cafe rencontre montreal<\/p>\n","protected":false},"author":1,"featured_media":0,"comment_status":"closed","ping_status":"closed","sticky":false,"template":"","format":"standard","meta":{"footnotes":""},"categories":[1],"tags":[],"_links":{"self":[{"href":"https:\/\/dig-stuttgart.de\/info\/wp-json\/wp\/v2\/posts\/5988"}],"collection":[{"href":"https:\/\/dig-stuttgart.de\/info\/wp-json\/wp\/v2\/posts"}],"about":[{"href":"https:\/\/dig-stuttgart.de\/info\/wp-json\/wp\/v2\/types\/post"}],"author":[{"embeddable":true,"href":"https:\/\/dig-stuttgart.de\/info\/wp-json\/wp\/v2\/users\/1"}],"replies":[{"embeddable":true,"href":"https:\/\/dig-stuttgart.de\/info\/wp-json\/wp\/v2\/comments?post=5988"}],"version-history":[{"count":1,"href":"https:\/\/dig-stuttgart.de\/info\/wp-json\/wp\/v2\/posts\/5988\/revisions"}],"predecessor-version":[{"id":5989,"href":"https:\/\/dig-stuttgart.de\/info\/wp-json\/wp\/v2\/posts\/5988\/revisions\/5989"}],"wp:attachment":[{"href":"https:\/\/dig-stuttgart.de\/info\/wp-json\/wp\/v2\/media?parent=5988"}],"wp:term":[{"taxonomy":"category","embeddable":true,"href":"https:\/\/dig-stuttgart.de\/info\/wp-json\/wp\/v2\/categories?post=5988"},{"taxonomy":"post_tag","embeddable":true,"href":"https:\/\/dig-stuttgart.de\/info\/wp-json\/wp\/v2\/tags?post=5988"}],"curies":[{"name":"wp","href":"https:\/\/api.w.org\/{rel}","templated":true}]}}