{"id":6018,"date":"2020-07-04T08:44:07","date_gmt":"2020-07-04T08:44:07","guid":{"rendered":"http:\/\/dig-stuttgart.de\/info\/?p=6018"},"modified":"2020-06-27T23:01:55","modified_gmt":"2020-06-27T23:01:55","slug":"rencontres-du-reel-monpazier","status":"publish","type":"post","link":"https:\/\/dig-stuttgart.de\/info\/2020\/07\/04\/rencontres-du-reel-monpazier\/","title":{"rendered":"Rencontres Du R\u00e9el Monpazier"},"content":{"rendered":"<p>Du 20 au 24 mai, 3000 enfants et adolescents sont accueillis \u00e0 lAncien Coll\u00e8ge, au mus\u00e9e Ingres, \u00e0 la Maison du Peuple, \u00e0 la M\u00e9mo et dans les rues du centre-ville pour divers ateliers : lectures, expositions, activit\u00e9s de cr\u00e9ation, rencontres avec des auteurs, des professionnels du livre, spectacles <img decoding=\"async\" src=\"http:\/\/admire.oklahomabenefitsgroup.com\/images\/jets\/jet-rc-kit-super-scorpion\/pop\/super-scorpion-navy-en-vol-aviation-design.jpg\" alt=\"rencontres du r\u00e9el monpazier\" align=\"right\"> S\u00e9ance accompagn\u00e9e dune rencontre avec la cin\u00e9aste. 9h30-12h30 avec Pascal Brunet Relais Culture Europe, Lucas Cinquemani philosopheartiste, activiste palermitain, Pomme Boucher Quartier Rouge. \u03a0\u03b1\u03b9\u03b4\u03b9\u03ba\u03cc \u03c0\u03ac\u03c1\u03c4\u03c5 \u03b3\u03b5\u03bd\u03b5\u03b8\u03bb\u03af\u03c9\u03bd \u03c3\u03c5\u03bd\u03c4\u03b1\u03b3\u03b5\u03c2 \u03c3\u03c9\u03bb\u03b7\u03bd\u03b1\u03c2 \u03c3\u03b9\u03bb\u03b9\u03ba\u03bf\u03bd\u03b7\u03c2 \u03c4\u03c1\u03bf\u03c6\u03b9\u03bc\u03c9\u03bd Le jury professionnel \u00e9tait pr\u00e9sid\u00e9 par Thierry Garrel ancien responsable des programmes documentaires sur Arte, Claude Guisard, Idrissa Guiro Luccioni, Catherine Rocchi et Vannina Bernard Des ateliers d\u00e9criture, de productions plastiques, th\u00e9\u00e2trales, etc. Sont anim\u00e9s dans les lieux daccueil de jeunes pendant et hors temps scolaire.  Ce site a \u00e9t\u00e9 con\u00e7u avec Jimdo. Inscrivez-vous gratuitement sur \u03c8\u03b7\u03c6\u03b9\u03b1\u03ba\u03bf\u03c2 \u03c4\u03b1\u03c7\u03bf\u03b3\u03c1\u03b1\u03c6\u03bf\u03c2 \u03c4\u03b9 \u03b5\u03b9\u03bd\u03b1\u03b9 \u03bc\u03b5\u03b6\u03b5\u03b4\u03bf\u03c0\u03c9\u03bb\u03b5\u03b9\u03bf \u03c0\u03bb\u03b1\u03c4\u03b1\u03bd\u03bf\u03c2 \u03ba\u03b1\u03bb\u03b1\u03bc\u03b1\u03c4\u03b1 \u03bc\u03b1\u03c1\u03b9\u03bf\u03c2 \u03c0\u03c1\u03b9\u03b1\u03bc\u03bf\u03c2 \u03c4\u03c1\u03b1\u03b3\u03bf\u03c5\u03b4\u03b9 Fournier, que lon surnommait le plus mauvais sujet de larm\u00e9e, a inspir\u00e9 le personnage de Gabriel F\u00e9raud, incarn\u00e9 par Harvey Keitel. Querelleur et duelliste, Fournier provoqua et tua lors dun duel en 1794 un jeune Strasbourgeois du nom de Blumm. Le capitaine Dupont fut charg\u00e9 par le g\u00e9n\u00e9ral Moreau demp\u00eacher Fournier de se rendre au bal quil donnait le soir-m\u00eame. Ce fut lorigine du premier duel entre les deux hommes, \u00e0 l\u00e9p\u00e9e, que Dupont emporta. Les deux hommes saffront\u00e8rent \u00e0 une vingtaine dautres occasions pendant pr\u00e8s de vingt ans, au moyen de toutes sortes darmes. Fournier r\u00e9digea m\u00eame une charte, qui scellait laccord entre les duellistes de la mani\u00e8re suivante :  Nh\u00e9sitez pas \u00e0 moisdudoc imagesenbibliotheques.fr nous contacter.&#8211;classmailto-Ose arts citoyens! \u00e0 l\u00e9cole de Puycornet, au coll\u00e8ge de Lauzerte. \u00c9criture et cr\u00e9ation de jeux avec lassociation ASEC. <img decoding=\"async\" src=\"http:\/\/www.take.christianhydrick.com\/Fiches\/images-fiches\/cm2\/orthographe\/cm2-exercices-ni-ny-ou-1a.jpg\" alt=\"rencontres du r\u00e9el monpazier\" align=\"center\"> Iddu est un portrait en mouvement qui cerne de pr\u00e8s les gestes, les interrogations et les choix dun photographe, modeste dans son abord, intraitable dans son exigence artistique, et \u00e9trangement proche de chacun dentre nous par la place que son uvre sait m\u00e9nager \u00e0 notre imagination et \u00e0 nos souvenirs. <img decoding=\"async\" src=\"http:\/\/fotos.hotelius.com\/images\/hoteles\/500x500\/813515_foto_2.jpg\" alt=\"rencontres du r\u00e9el monpazier\" align=\"left\">  Toute nouvelle aventure commence par une premi\u00e8re rencontre. Je serais tr\u00e8s heureux de vous retrouver ici, \u00e0 Monpazier, ou autour pour discuter de votre mariage. Vous pouvez me contacter en remplissant le formulaire en bas de cette page ou directement par la page Contact de mon site. Projection Mois du doc 2019-CIN\u00c9MA LUTOPIE Nouvelle-Aquitaine SAINTE-LIVRADE-SUR-LOT All hosting informations for your stay in Bergerac Le Bastideum reste ouvert sur r\u00e9servation pour les groupes voir la rubrique informations pratiques Durant le salon, du jeudi 23 au lundi 27 mai, plus de 30 auteurs seront en visite dans 75 \u00e9tablissements. 2012-2020-Brian Photographe Reportage Mariage Couple Engagement Dans le cadre de sa politique en faveur du secteur agroalimentaire, la R\u00e9gion Aquitaine apporte son soutien aux projets de renforcement de la comp\u00e9titivit\u00e9 et de linnovation \u00e0 travers laccompagnement de projets dinvestissements mat\u00e9riels, immobiliers et projets de RD dans les entreprises agroalimentaires. La photographie de mariage est \u00e0 mes yeux, une affaire de d\u00e9tails et de spontan\u00e9it\u00e9. Un moyen unique et magique de pr\u00e9server la m\u00e9moire de votre union. Ainsi, du paysage au portrait, du statique au mouvement, ma sensibilit\u00e9 vous accompagne telle votre m\u00e9moire! Monsieur Germain, un livre jeunesse racontant la vie dun rat pas ordinaire, \u00e9crit par Claire Alberghi et illustr\u00e9 par \u00c9lodie Passicot, va enfin voir le jour, apr\u00e8s plus dun an de gestation. Le mois de juillet a \u00e9t\u00e9 consacr\u00e9 \u00e0 l\u00e9laboration de la maquette de louvrage par la graphiste \u00c9lizabeth Guillot. De mon c\u00f4t\u00e9, je me suis occup\u00e9e des corrections du texte et du contr\u00f4le de la conformit\u00e9 des fichiers aux contraintes de limpression. \u00c0 propos dimpression, javais fait faire un devis en d\u00e9but dann\u00e9e, dans le cadre du crowdfunding, mais quand jai contact\u00e9 limprimeur choisi pour la finalisation du projet, le prix d\u00e9fini initialement avait presque doubl\u00e9! Jai finalement eu recours \u00e0 un courtier en imprimerie, et mes prochains livres seront r\u00e9alis\u00e9s dans une imprimerie situ\u00e9e \u00e0 la Rochelle. Le programme d\u00e9taill\u00e9 de la manifestation est disponible ci-dessous. Projection Mois du doc 2011-Latelier des bastides Nouvelle-Aquitaine Monpazier Labus dalcool est dangereux pour la sant\u00e9, \u00e0 consommer avec mod\u00e9ration. \u0391\u03bd\u03c9\u03c4\u03b1\u03c4\u03b7 \u03c3\u03c7\u03bf\u03bb\u03b7 \u03ba\u03b1\u03bb\u03c9\u03bd \u03c4\u03b5\u03c7\u03bd\u03c9\u03bd \u03bc\u03bf\u03c1\u03b9\u03b1 \u03a3\u03ae\u03bc\u03b5\u03c1\u03b1 \u03c4\u03bf \u03b1\u03c0\u03cc\u03b3\u03b5\u03c5\u03bc\u03b1 \u03b5\u03b3\u03ba\u03b1\u03b9\u03bd\u03b9\u03ac\u03b6\u03b5\u03c4\u03b1\u03b9 \u03c3\u03c4\u03bf\u03bd \u03c0\u03bf\u03bb\u03c5\u03c7\u03ce\u03c1\u03bf \u03c0\u03bf\u03bb\u03b9\u03c4\u03b9\u03c3\u03bc\u03bf\u03cd \u0394\u03b9\u03ad\u03bb\u03b5\u03c5\u03c3\u03b9\u03c2, \u03b7 \u03ad\u03ba\u03b8\u03b5\u03c3\u03b7 \u03b6\u03c9\u03b3\u03c1\u03b1\u03c6\u03b9\u03ba\u03ae\u03c2 \u03c4\u03b7\u03c2 \u03c3\u03cd\u03b3\u03c7\u03c1\u03bf\u03bd\u03b7\u03c2 \u03b5\u03b9\u03ba\u03b1\u03c3\u03c4\u03b9\u03ba\u03bf\u03cd \u03ba\u03b1\u03bb\u03bb\u03b9\u03c4\u03ad\u03c7\u03bd\u03b9\u03b4\u03bf\u03c2 \u039c\u03b1\u03c1\u03af\u03b2\u03b1\u03c2 \u0396\u03b1\u03c7\u03ac\u03c1\u03c9\u03c6 \u03bc\u03b5 \u03b3\u03b5\u03bd\u03b9\u03ba\u03cc \u03c4\u03af\u03c4\u03bb\u03bf..<\/p>\n","protected":false},"excerpt":{"rendered":"<p>rencontres du r\u00e9el monpazier<\/p>\n","protected":false},"author":1,"featured_media":0,"comment_status":"closed","ping_status":"closed","sticky":false,"template":"","format":"standard","meta":{"footnotes":""},"categories":[1],"tags":[],"_links":{"self":[{"href":"https:\/\/dig-stuttgart.de\/info\/wp-json\/wp\/v2\/posts\/6018"}],"collection":[{"href":"https:\/\/dig-stuttgart.de\/info\/wp-json\/wp\/v2\/posts"}],"about":[{"href":"https:\/\/dig-stuttgart.de\/info\/wp-json\/wp\/v2\/types\/post"}],"author":[{"embeddable":true,"href":"https:\/\/dig-stuttgart.de\/info\/wp-json\/wp\/v2\/users\/1"}],"replies":[{"embeddable":true,"href":"https:\/\/dig-stuttgart.de\/info\/wp-json\/wp\/v2\/comments?post=6018"}],"version-history":[{"count":1,"href":"https:\/\/dig-stuttgart.de\/info\/wp-json\/wp\/v2\/posts\/6018\/revisions"}],"predecessor-version":[{"id":6019,"href":"https:\/\/dig-stuttgart.de\/info\/wp-json\/wp\/v2\/posts\/6018\/revisions\/6019"}],"wp:attachment":[{"href":"https:\/\/dig-stuttgart.de\/info\/wp-json\/wp\/v2\/media?parent=6018"}],"wp:term":[{"taxonomy":"category","embeddable":true,"href":"https:\/\/dig-stuttgart.de\/info\/wp-json\/wp\/v2\/categories?post=6018"},{"taxonomy":"post_tag","embeddable":true,"href":"https:\/\/dig-stuttgart.de\/info\/wp-json\/wp\/v2\/tags?post=6018"}],"curies":[{"name":"wp","href":"https:\/\/api.w.org\/{rel}","templated":true}]}}