{"id":6022,"date":"2020-07-04T20:53:06","date_gmt":"2020-07-04T20:53:06","guid":{"rendered":"http:\/\/dig-stuttgart.de\/info\/?p=6022"},"modified":"2020-06-27T23:05:03","modified_gmt":"2020-06-27T23:05:03","slug":"rencontre-entre-mobutu-kabila","status":"publish","type":"post","link":"https:\/\/dig-stuttgart.de\/info\/2020\/07\/04\/rencontre-entre-mobutu-kabila\/","title":{"rendered":"Rencontre Entre Mobutu Kabila"},"content":{"rendered":"<p>Linflation stabilis\u00e9e en 1997 \u00e0 6 est \u00e0 nouveau galopante. Avec la reprise de la guerre en 1998, elle atteignait 155. Pour juillet 1999, le taux dinflation enregistr\u00e9 \u00e0 Kinshasa est de 261 par rapport au premier semestre.  Reuni\u00f3n en el barco Outeniqua, primer encuentro entre Kabila y Mobutu. La Libre est retourn\u00e9e dans les coulisses pour comprendre les m\u00e9canismes qui se sont mis en place en RDC pour aboutir \u00e0 la mise au pouvoir du pr\u00e9sident choisi par son pr\u00e9d\u00e9cesseur. 1978 De Arena. Het verhaal van de Lumumba, Bruges, Uitgeverij Raaklijn. 16 ao\u00fbt : La r\u00e9bellion annonce la cr\u00e9ation du Rassemblement congolais pour la d\u00e9mocratie RDC bas\u00e9 \u00e0 Goma. Tout dabord officiellement coordonn\u00e9 par Arthur Za\u00efdi Goma jusqu\u00e0 l\u00e9lection de son premier pr\u00e9sident Wamba dia Wamba, un professeur fra\u00eechement revenu de Tanzanie. Le mouvement politico-militaire rassemble une partie des chefs de file banayamulenge rwandophones du Kivu, des officiers d\u00e9\u00e7us des FAC en rupture de ban derri\u00e8re Jean-Pierre Ondekane promu commandant du RCD et dautres m\u00e9contents parmi lesquels des mobutistes. En vous abonnant \u00e0 LOrient-Le Jour, vous contribuez \u00e0 pr\u00e9server son ind\u00e9pendance financi\u00e8re et donc \u00e9ditoriale Commentaires ferm\u00e9s sur RDC Assembl\u00e9e nationale : Les \u00e9lus convoqu\u00e9s ce vendredi 12 juin pour l\u00e9lection et linstallation du 1er vice-pr\u00e9sident Le 31 octobre 1996, lorsque le revenant replet d\u00e9boule \u00e0 Uvira Sud-Kivu, un mois apr\u00e8s le d\u00e9clenchement de la r\u00e9volte des Banyamulenge-Tutsi de lEst za\u00efrois-et jure de jeter le mar\u00e9chal-pr\u00e9sident honni dans les poubelles de lHistoire, les vieux routiers des Grands Lacs, vaguement incr\u00e9dules, plongent dans leurs archives. Franchement, il avait disparu de nos \u00e9crans radars depuis plus de vingt ans, admet un expert am\u00e9ricain. Kabila nest alors que le porte-parole dune Alliance des forces d\u00e9mocratiques pour la lib\u00e9ration du Congo AFDL, attelage h\u00e9t\u00e9roclite de quatre mouvements confidentiels, forg\u00e9e \u00e0 la h\u00e2te deux semaines plus t\u00f4t. Dans moins dun an, insiste LDK, nous serons \u00e0 Kinshasa. Rodomontade? En fait, il faudra \u00e0 ses forces, lourdement \u00e9paul\u00e9es par le Rwanda, lOuganda et lAngola, huit mois \u00e0 peine dune guerre sans batailles pour cueillir comme un fruit blet la capitale, \u00e0 2 000 kilom\u00e8tres plus \u00e0 louest. Il vous reste 32.78 de cet article \u00e0 lire. La suite est r\u00e9serv\u00e9e aux abonn\u00e9s. <img decoding=\"async\" src=\"http:\/\/img.over-blog.com\/600x270\/1\/15\/09\/26\/Janvier-2012\/image016.jpg\" alt=\"rencontre entre mobutu kabila\" align=\"right\">-Erik Derycke, ministre belge des Affaires \u00e9trang\u00e8res, se rend \u00e0 Washington pour sentretenir avec les autorit\u00e9s am\u00e9ricaines de la situation au Lapplication des gestes barri\u00e8res contre le coronavirus qui jusque-l\u00e0 semble \u00eatre difficile \u00e0 respecter malgr\u00e9 sa promotion pour enrayer la diffusion du virus, ne doit-elle pas \u00eatre premi\u00e8rement une question de fond avant que celle-ci soit une application au forme? Certainement, autant des questions doivent \u00eatre \u00e9tudi\u00e9es pour que les mesures pr\u00e9ventives \u00e9dict\u00e9es par le gouvernement soient effectivement mises en applications comme il se doit afin dan\u00e9antir le fl\u00e9au du virus.   Ce nest pas un scoop, je suis toujours de gauche. 12122019, Europe 1 Laurent-D\u00e9sir\u00e9 Kabila n\u00e9 le \u00e0 aujourdhui et mort le \u00e0 est un. Il est de mai 1997 jusqu\u00e0 son assassinat en janvier 2001. <img decoding=\"async\" src=\"http:\/\/congomikili.com\/wp-content\/uploads\/2017\/10\/22550268_10159411028560364_4122410698347979218_o.jpg\" alt=\"rencontre entre mobutu kabila\" align=\"right\"> <img decoding=\"async\" src=\"http:\/\/3.bp.blogspot.com\/-mAXzDxtriGI\/VFC104O6K5I\/AAAAAAAAAUM\/oBNMw3SSgKc\/s1600\/KABILA%2BET%2BKALOMBO.jpg\" alt=\"rencontre entre mobutu kabila\" align=\"right\"> Quels que soient les arrangements de derni\u00e8re heure, la victoire de Kabila sera donc totale. Car le principal enseignement des sept derniers mois, le temps que le blitzkrieg de lAlliance la conduise des Grands Lacs \u00e0 loc\u00e9an, cest que la communaut\u00e9 internationale ne se donne pas les moyens dune politique coh\u00e9rente. Min\u00e9e par des clivages, en loccurrence surtout franco-am\u00e9ricains, elle se contente dun ballet d\u00e9missaires et dune diplomatie deffets dannonce. Ces rites dimpuissance nont pas entam\u00e9 la r\u00e9solution des rebelles et de leurs alli\u00e9s. Malgr\u00e9 les massacres \u00e0 grande \u00e9chelle de r\u00e9fugi\u00e9s hutus, malgr\u00e9 leur refus de laisser travailler une commission denqu\u00eate internationale, les rebelles simposent, \u00e9tablissent leur r\u00e9gime. La meilleure preuve: hier, \u00e0 la veille de sa cons\u00e9cration victorieuse, lAlliance a re\u00e7u une d\u00e9l\u00e9gation du HCR, d\u00e9sireuse de passer des d\u00e9clarations fracassantes au dialogue constructif Quant \u00e0 la France, elle aura livr\u00e9 son baroud dhonneur jusquau bout. Hier soir, Herv\u00e9 de Charette a r\u00e9it\u00e9r\u00e9 quil ny avait pas de paix durable lorsque le pouvoir est pris par la force. Quelques heures plus tard, citant des sources dignes de foi, le Quai dOrsay faisait \u00e9tat de massacres actuellement perp\u00e9tr\u00e9s dans la ville de Mbandaka par les forces rebelles, qui pers\u00e9cuteraient les Hutus rwandais ayant travers\u00e9 tout le Za\u00efre jusque dans leur ultime refuge, accul\u00e9 au fleuve, \u00e0 600 km au nord de la capitale. Parce quune autre personne ou vous est en train de lire Le Monde avec ce compte sur un autre appareil. La seule r\u00e9forme denvergure mise en uvre par le nouveau pouvoir est la r\u00e9forme mon\u00e9taire. I1 semble que ce fut Mobutu qui avait orchestr\u00e9 en sous-mains le vote au HCR-PT qui a fait tomber le gouvernement Kengo. 1,000 morts li\u00e9s directement au conflit selon les estimations. R\u00e9cemment, lors dune rencontre entre une d\u00e9l\u00e9gation du Conseil de s\u00e9curit\u00e9 de lONU en visite de travail \u00e0 Kinshasa et Joseph Kabila, ce dernier qui na trouv\u00e9 aucun inconv\u00e9nient de rencontrer le sphinx de Limete, tel que sugg\u00e9r\u00e9 par ses h\u00f4tes, en vue de trouver une solution consensuelle et \u00e9viter le chaos le 19 d\u00e9cembre, date marquant la fin constitutionnelle du deuxi\u00e8me et dernier mandat de Joseph Kabila. Toutefois, lhypoth\u00e8se penche \u00e0 y voir un engagement corps-\u00e0-corps, par paliers successifs, jusqu\u00e0 une guerre civile. La br\u00e8che est d\u00e9j\u00e0 largement ouverte, pour cette phase ultime. Une enveloppe de 4,5 milliards de dollars \u00e9tait jug\u00e9e n\u00e9cessaire par le gouvernement congolais pour atteindre ces objectifs. Interne au sein du gouvernement congolais et quelles devraient etre resolues.<\/p>\n","protected":false},"excerpt":{"rendered":"<p>rencontre entre mobutu kabila<\/p>\n","protected":false},"author":1,"featured_media":0,"comment_status":"closed","ping_status":"closed","sticky":false,"template":"","format":"standard","meta":{"footnotes":""},"categories":[1],"tags":[],"_links":{"self":[{"href":"https:\/\/dig-stuttgart.de\/info\/wp-json\/wp\/v2\/posts\/6022"}],"collection":[{"href":"https:\/\/dig-stuttgart.de\/info\/wp-json\/wp\/v2\/posts"}],"about":[{"href":"https:\/\/dig-stuttgart.de\/info\/wp-json\/wp\/v2\/types\/post"}],"author":[{"embeddable":true,"href":"https:\/\/dig-stuttgart.de\/info\/wp-json\/wp\/v2\/users\/1"}],"replies":[{"embeddable":true,"href":"https:\/\/dig-stuttgart.de\/info\/wp-json\/wp\/v2\/comments?post=6022"}],"version-history":[{"count":1,"href":"https:\/\/dig-stuttgart.de\/info\/wp-json\/wp\/v2\/posts\/6022\/revisions"}],"predecessor-version":[{"id":6023,"href":"https:\/\/dig-stuttgart.de\/info\/wp-json\/wp\/v2\/posts\/6022\/revisions\/6023"}],"wp:attachment":[{"href":"https:\/\/dig-stuttgart.de\/info\/wp-json\/wp\/v2\/media?parent=6022"}],"wp:term":[{"taxonomy":"category","embeddable":true,"href":"https:\/\/dig-stuttgart.de\/info\/wp-json\/wp\/v2\/categories?post=6022"},{"taxonomy":"post_tag","embeddable":true,"href":"https:\/\/dig-stuttgart.de\/info\/wp-json\/wp\/v2\/tags?post=6022"}],"curies":[{"name":"wp","href":"https:\/\/api.w.org\/{rel}","templated":true}]}}