{"id":6044,"date":"2020-07-05T16:41:30","date_gmt":"2020-07-05T16:41:30","guid":{"rendered":"http:\/\/dig-stuttgart.de\/info\/?p=6044"},"modified":"2020-06-27T23:12:53","modified_gmt":"2020-06-27T23:12:53","slug":"rencontres-embrun-05","status":"publish","type":"post","link":"https:\/\/dig-stuttgart.de\/info\/2020\/07\/05\/rencontres-embrun-05\/","title":{"rendered":"Rencontres Embrun 05"},"content":{"rendered":"<p>Conduites addictives, Nutrition alimentation et activit\u00e9 physique, Cancers, Sant\u00e9 bucco-dentaire, Sexualit\u00e9 contraception, IVG, Vaccination, Sant\u00e9 mentale, VIH-Sida IST, H\u00e9patites VHB-VHC, Sant\u00e9 scolaire, P\u00e9rinatalit\u00e9-Parentalit\u00e9, Maladies infectieuses autres Associations, acteurs de la pr\u00e9vention, organismes, chercheurs, professionnels.. Nh\u00e9sitez pas \u00e0 nous transmettre votre actualit\u00e9 en mati\u00e8re de pr\u00e9vention du suicide..: infoinfosuicide.org Sachez que je vous donnerai le meilleur de moi et vous pousser.. R\u00e9gion: RDV n1 I D\u00c9CRYPTER LES \u00c9VOLUTIONS ET AGIR SUR LE MARCH\u00c9 ALLEMAND  Pour lorganisation et la r\u00e9servation gratuite de votre s\u00e9minaire, vous pouvez contacter le 01 64 33 33 33. Yeux :-Cheveux : Brun noir-180 cm-Statut civil: C\u00e9libataire <img decoding=\"async\" src=\"http:\/\/www.ecrins-parcnational.fr\/sites\/ecrins-parcnational.com\/files\/article\/16163\/body\/equipe-embrun-maire-prunieres.jpg\" alt=\"rencontres embrun 05\" align=\"left\"> Cette formation se d\u00e9roulera du bois des Forges 79 ou au Bois de Visais.. T\u00e9l\u00e9charge notre application gratuite sur ton t\u00e9l\u00e9phone mobile :  <img decoding=\"async\" src=\"http:\/\/www.life.alwaysgreatsmile.com\/wp-content\/uploads\/2017\/05\/04-05-17-Un-joli-style-chez-ce-jeune-footballeur-485x300.jpg\" alt=\"rencontres embrun 05\" align=\"center\"> Jaccepte les conditions g\u00e9n\u00e9rales, et certifie \u00eatre majeur CGU. Int\u00e9r\u00eats communs : Camping, Cuisine, Caf\u00e9 et conversations, Restaurant, Jardinage Entretien paysager, Films Vid\u00e9os, Arts et mus\u00e9es, Musique et concerts, Brocante Antiquit\u00e9s Luniversit\u00e9 du Bien Commun vous invite \u00e0 latelier-d\u00e9bat : 1306 Le Br\u00e9sil est dor\u00e9navant le deuxi\u00e8me pays le plus touch\u00e9 par le Covid-19 <img decoding=\"async\" src=\"http:\/\/scalethumb.leparking.fr\/unsafe\/300x225\/cloud.ligloo.fr\/2018\/09\/01\/07\/13\/appartement-embrun-05200-embrun-05-a-louer-appart-t3-60-m2-2-chambres_407696875.jpg\" alt=\"rencontres embrun 05\" align=\"right\"> Depuis 2001 lassociation valorise et mutualise, de mani\u00e8re participative, les analyses des m\u00e9tiers et des dangers faites par les personnes du terrain : pr\u00e9venteurs, salari\u00e9s, formateurs, membres des CSE, etc. The website encountered an unexpected error. Please try again later. Les m\u00e9langes interclubs sont bienvenus, nh\u00e9sitez pas \u00e0 nous contacter sil vous manque un joueur!  Chaque jour, je veux les derniers buzz pour faire vibrer ma boite mail Avec ses \u00e9quipes et ses clients, lUCPA renforce aussi lengagement pour un mod\u00e8le de vacances, de loisirs et de sport plus responsable et solidaire. Apr\u00e8s le confinement, nous pouvons reconstruire des liens pour une soci\u00e9t\u00e9 plus \u00e9quilibr\u00e9e.<\/p>\n","protected":false},"excerpt":{"rendered":"<p>rencontres embrun 05<\/p>\n","protected":false},"author":1,"featured_media":0,"comment_status":"closed","ping_status":"closed","sticky":false,"template":"","format":"standard","meta":{"footnotes":""},"categories":[1],"tags":[],"_links":{"self":[{"href":"https:\/\/dig-stuttgart.de\/info\/wp-json\/wp\/v2\/posts\/6044"}],"collection":[{"href":"https:\/\/dig-stuttgart.de\/info\/wp-json\/wp\/v2\/posts"}],"about":[{"href":"https:\/\/dig-stuttgart.de\/info\/wp-json\/wp\/v2\/types\/post"}],"author":[{"embeddable":true,"href":"https:\/\/dig-stuttgart.de\/info\/wp-json\/wp\/v2\/users\/1"}],"replies":[{"embeddable":true,"href":"https:\/\/dig-stuttgart.de\/info\/wp-json\/wp\/v2\/comments?post=6044"}],"version-history":[{"count":1,"href":"https:\/\/dig-stuttgart.de\/info\/wp-json\/wp\/v2\/posts\/6044\/revisions"}],"predecessor-version":[{"id":6045,"href":"https:\/\/dig-stuttgart.de\/info\/wp-json\/wp\/v2\/posts\/6044\/revisions\/6045"}],"wp:attachment":[{"href":"https:\/\/dig-stuttgart.de\/info\/wp-json\/wp\/v2\/media?parent=6044"}],"wp:term":[{"taxonomy":"category","embeddable":true,"href":"https:\/\/dig-stuttgart.de\/info\/wp-json\/wp\/v2\/categories?post=6044"},{"taxonomy":"post_tag","embeddable":true,"href":"https:\/\/dig-stuttgart.de\/info\/wp-json\/wp\/v2\/tags?post=6044"}],"curies":[{"name":"wp","href":"https:\/\/api.w.org\/{rel}","templated":true}]}}