{"id":6048,"date":"2020-07-05T02:41:18","date_gmt":"2020-07-05T02:41:18","guid":{"rendered":"http:\/\/dig-stuttgart.de\/info\/?p=6048"},"modified":"2020-06-27T23:13:34","modified_gmt":"2020-06-27T23:13:34","slug":"rencontre-blaye-gironde","status":"publish","type":"post","link":"https:\/\/dig-stuttgart.de\/info\/2020\/07\/05\/rencontre-blaye-gironde\/","title":{"rendered":"Rencontre Blaye Gironde"},"content":{"rendered":"<p>Visite du Centre Technique Municipal et de la Citadelle <img decoding=\"async\" src=\"http:\/\/estuairegironde.net\/agenda\/re14\/cartons\/pec_carton-web.jpg\" alt=\"rencontre blaye gironde\" align=\"center\"> Petit gabari 1.70 58kilos jaimerais passer un bon moment avec un homme cette fin dapr\u00e8s midi Nous d\u00e9butons donc avec le Galette des Rois. Les frangipanes et les brioches ont \u00e9t\u00e9 d\u00e9gust\u00e9es par une trentaine de joueurs, \u00e0 lext\u00e9rieur car le soleil brillait encore. Dommage le froid est venu tr\u00e9s vite nous taquiner, ceci na pas d\u00e9courag\u00e9s les gourmands dont les nouveaux licenci\u00e9s.   r\u00e9gate Plagne-Blaye ; vers 15h : passage de la r\u00e9gate Botalo Depuis le d\u00e9confinement, les m\u00e9decins et lassurance maladie sont l\u00e0 pour assurer une mission de suivi de lhistorique de contact des malades. StopCovid vient compl\u00e9ter laction de ces \u00e9quipes en \u00e9tant un moyen de pr\u00e9venir dans des situations de forte densit\u00e9 et en cassant les cha\u00eenes de transmission. Je recherche un plan sana lendemain bisous.on pourrait bien sAmuser Les CME tenaient un stand de biscuits et boissons chaudes \u00e0 loccasion de T\u00e9l\u00e9thon dans la Citadelle. De la fabrication des petits g\u00e2teaux \u00e0 la vente les jeunes \u00e9lus se sont beaucoup investit sur ce projet qui leur a permis de r\u00e9colter la somme de 370 euros au profit de laction. Nous utilisons \u00e9galement des cookies pour mesurer laudience de nos sites. Ainsi nous pouvons analyser la fr\u00e9quentation et lutilisation de nos sites et am\u00e9liorer constamment nos services et contenus. Jaccepte que linformation relative \u00e0 mes donn\u00e9es sensibles  Pour faciliter votre connaissance des march\u00e9s, les besoins des donneurs dordre, EDF et la CCI de Bordeaux Gironde ont organis\u00e9 une s\u00e9rie de rencontres 10 f\u00e9v et 13 mars qui aboutiront aux Rencontres Business de lindustrie le 31 mars 2020 \u00e0 la CCI Bordeaux Gironde avec les entreprises titulaires des march\u00e9s pour d\u00e9buter une collaboration. En 2002, avec larriv\u00e9e de Jean-Fran\u00e7ois Pr\u00e9vand, auteur et metteur en sc\u00e8ne, le festival d\u00e9passe les remparts de la Citadelle et souvre sur les territoires de la Haute-Gironde. On parle alors de festival d\u00e9centralis\u00e9. De la citadelle aux \u00eeles de lEstuaire, le Festival va aujourdhui \u00e0 la rencontre de tout ce public. En demeurant au service des auteurs, quils soient pass\u00e9s ou contemporains : seule compte la magie du verbe : un verbe fait pour questionner. BREF, tout commence bien, nous nous souhaitons une Bonne et heureuse Ann\u00e9e, avec plein plein de bons r\u00e9sultats sportifs. 16 mars 2020 : Le contexte \u00e9pid\u00e9miologique que nous vivons, nous oblige \u00e0 modifier lorganisation et le fonctionnement de notre Ligue R\u00e9gionale. Pour nous prot\u00e9ger, limiter les contacts et lutter efficacement contre le Coronavirus, conform\u00e9ment aux d\u00e9cisions gouvernementales et aux pr\u00e9conisations f\u00e9d\u00e9rales, des mesures particuli\u00e8res sont \u00e0 mettre en \u0153uvre sans d\u00e9lai et ce, jusqu\u00e0 nouvel ordre. Please enable JavaScript to view the page content. Your support ID is: 16148984837787992121. Les 8 9 d\u00e9cembre derniers, l\u00e9v\u00e8nement JIrai D\u00e9guster Chez Vous des vignerons de Castillon C\u00f4tes de Bordeaux faisait son retour.. <img decoding=\"async\" src=\"http:\/\/www.aquitaineonline.com\/images\/stories\/Gironde_2018\/affiche_2018.jpg\" alt=\"rencontre blaye gironde\" align=\"right\"> Besoin dassistance, nous sommes l\u00e0 pour vous aider! Ce dimanche 16 juillet, dernier jour pr\u00e9vu des d\u00e9lais impos\u00e9s pour jouer la rencontre, l\u00e9quipe de Gradignan recevait le club de Stade Blayais p\u00e9tanque. Une fois encore les joueurs pr\u00e9vus \u00e9taient absents pour des raisons diverses et vari\u00e9es, donc il a fallu composer avec les personnes disponibles ce jour l\u00e0. Patricia, Alain L, Alain B, Jean-Fran\u00e7ois qui ont jou\u00e9 avec Ken et Steven. Cette \u00e9quipe a fait avec ses moyens, mais face \u00e0 elle il y avait une redoutable \u00e9quipe de gradignan. Et le Stade Blayais p\u00e9tanque sest logiquement inclin\u00e9 malgr\u00e9 des parties disput\u00e9es sur le score de 26 \u00e0 5. Bravo et MERCI \u00e0 notre f\u00e9minine et \u00e0 tous les joueurs de cette \u00e9quipe, et merci \u00e0 Gradignan pour son sympathique acceuil. PHOTOS AU DESSUS A DROITE En simposant assez largement face \u00e0 Gujan 53-26, les Blayais affichent leurs ambitions et envoient un signal fort \u00e0 leurs adversaires. <img decoding=\"async\" src=\"http:\/\/www.hautegironde.fr\/app\/uploads\/sites\/2\/2017\/10\/img_9429-e1508100216660.jpg\" alt=\"rencontre blaye gironde\" align=\"right\"> Partez \u00e0 la d\u00e9couverte dune faune et dune flore remarquables. Dernier estuaire \u00e0 abriter une population desturgeons europ\u00e9ens Acipenser sturio, les oiseaux b\u00e9cassine, h\u00e9ron, cendr\u00e9, aigrette et les poissons lamproie, alose, anguille, maigre y b\u00e9n\u00e9ficient de conditions id\u00e9ales pour soit hiverner, se nourrir, se reproduire. Les 1ers mois de mon entreprise avec lintervention du Cecogeb. 10 mai : Les r\u00e9ponses de Jean-Luc Gleyze \u00e0 vos questions sur le d\u00e9confinement.<\/p>\n","protected":false},"excerpt":{"rendered":"<p>rencontre blaye gironde<\/p>\n","protected":false},"author":1,"featured_media":0,"comment_status":"closed","ping_status":"closed","sticky":false,"template":"","format":"standard","meta":{"footnotes":""},"categories":[1],"tags":[],"_links":{"self":[{"href":"https:\/\/dig-stuttgart.de\/info\/wp-json\/wp\/v2\/posts\/6048"}],"collection":[{"href":"https:\/\/dig-stuttgart.de\/info\/wp-json\/wp\/v2\/posts"}],"about":[{"href":"https:\/\/dig-stuttgart.de\/info\/wp-json\/wp\/v2\/types\/post"}],"author":[{"embeddable":true,"href":"https:\/\/dig-stuttgart.de\/info\/wp-json\/wp\/v2\/users\/1"}],"replies":[{"embeddable":true,"href":"https:\/\/dig-stuttgart.de\/info\/wp-json\/wp\/v2\/comments?post=6048"}],"version-history":[{"count":1,"href":"https:\/\/dig-stuttgart.de\/info\/wp-json\/wp\/v2\/posts\/6048\/revisions"}],"predecessor-version":[{"id":6049,"href":"https:\/\/dig-stuttgart.de\/info\/wp-json\/wp\/v2\/posts\/6048\/revisions\/6049"}],"wp:attachment":[{"href":"https:\/\/dig-stuttgart.de\/info\/wp-json\/wp\/v2\/media?parent=6048"}],"wp:term":[{"taxonomy":"category","embeddable":true,"href":"https:\/\/dig-stuttgart.de\/info\/wp-json\/wp\/v2\/categories?post=6048"},{"taxonomy":"post_tag","embeddable":true,"href":"https:\/\/dig-stuttgart.de\/info\/wp-json\/wp\/v2\/tags?post=6048"}],"curies":[{"name":"wp","href":"https:\/\/api.w.org\/{rel}","templated":true}]}}