{"id":6050,"date":"2020-07-05T18:32:19","date_gmt":"2020-07-05T18:32:19","guid":{"rendered":"http:\/\/dig-stuttgart.de\/info\/?p=6050"},"modified":"2020-06-27T23:15:06","modified_gmt":"2020-06-27T23:15:06","slug":"rencontres-scientifiques-de-blois","status":"publish","type":"post","link":"https:\/\/dig-stuttgart.de\/info\/2020\/07\/05\/rencontres-scientifiques-de-blois\/","title":{"rendered":"Rencontres Scientifiques De Blois"},"content":{"rendered":"<p>Ecole fran\u00e7aise de Rome-Giacomo Todeschini sur la restitution des biens mal acquis XIIe-XVe si\u00e8cle Facebook. Les masques doivent \u00eatre port\u00e9s syst\u00e9matiquement par tous d\u00e8s lors que les r\u00e8gles de distanciation physique ne peuvent \u00eatre garanties. Visioconf\u00e9rence des cheffes de projet Club contrat de ville en Centre-Val de Loire Cycle de rencontres et dateliers pour reconfigurer et pr\u00e9parer le Printemps Citoyen en CVL Je mappelle Gwendoline, jai 22 ans, titulaire dun bac STL et en pr\u00e9paration dune certification professionnelle, je r\u00e9side \u00e0 Blois. Depuis 1986, lIned fait partie des 8 \u00e9tablissements publics scientifique et technique EPST, \u00e0 limage du CNRS, de lInserm ou encore de lINRA et lIRD. Linstitut a pour missions d\u00e9tudier les populations sous tous leurs aspects, de former \u00e0 la recherche et par la recherche, dinformer les pouvoirs publics et le public sur les questions d\u00e9mographiques et de diffuser les travaux d\u00e9mographiques fran\u00e7ais \u00e0 linternational. Ce service gratuit vous offre un espace personnel pour devenir acteur de Cap Vietnam et vous permet de dialoguer entre internautes. <img decoding=\"async\" src=\"http:\/\/clg-ronsard-mer.tice.ac-orleans-tours.fr\/php5\/IMG\/jpg\/3-_presentation.jpg\" alt=\"rencontres scientifiques de blois\" align=\"right\"> <img decoding=\"async\" src=\"http:\/\/pediatres-sud-paris.com\/wp-content\/uploads\/2017\/06\/BLOIS-PHOTO.png\" alt=\"rencontres scientifiques de blois\" align=\"right\"> Ces \u00e9v\u00e9nements ont lieu dans le cadre de la 31\u00e8me \u00e9dition des Rencontres scientifiques de Blois qui se d\u00e9rouleront du 2 au 7 juin 2019. <img decoding=\"async\" src=\"http:\/\/general.gabygannon.com\/wp-content\/uploads\/2016\/12\/RL-314x160.jpg\" alt=\"rencontres scientifiques de blois\" align=\"center\"> Claude Pouzadoux, directrice du Centre Jean B\u00e9rard CNRS-\u00c9cole fran\u00e7aise de Rome et auteure d\u00e9tudes sur les images et les mythes de la Grande-Gr\u00e8ce. Interactions entre \u00e9l\u00e8ves autour des tablettes num\u00e9riques \u00e0 l\u00e9cole : pratiques p\u00e9dagogiques, intentions et \u00e9valuation par lenseignant : Fran\u00e7ois LAMOUREUX Chaque ann\u00e9e, le Conseil d\u00e9partemental offre la possibilit\u00e9 aux classes participantes \u00e0 lop\u00e9ration du Conseil D\u00e9partemental Junior de venir visiter lH\u00f4tel du D\u00e9partement. Coll\u00e8ge Joseph Crocheton..   Journ\u00e9e d\u00e9change Les mus\u00e9es-monde mus\u00e9es mixtes, le 5 novembre 2019 \u00e0 Blois 41  La CGT lance une campagne de mobilisation nationale pour le retrait du projet de loi et a appelle \u00e0 la mobilisation pour lavenir de la fonction publique. Le g\u00e9ant p\u00e9trolier britannique BP a annonc\u00e9 lundi la suppression de 10000 emplois dans le monde. Lensemble du territoire, comme pour les r\u00e9gions et d\u00e9partements.<\/p>\n","protected":false},"excerpt":{"rendered":"<p>rencontres scientifiques de blois<\/p>\n","protected":false},"author":1,"featured_media":0,"comment_status":"closed","ping_status":"closed","sticky":false,"template":"","format":"standard","meta":{"footnotes":""},"categories":[1],"tags":[],"_links":{"self":[{"href":"https:\/\/dig-stuttgart.de\/info\/wp-json\/wp\/v2\/posts\/6050"}],"collection":[{"href":"https:\/\/dig-stuttgart.de\/info\/wp-json\/wp\/v2\/posts"}],"about":[{"href":"https:\/\/dig-stuttgart.de\/info\/wp-json\/wp\/v2\/types\/post"}],"author":[{"embeddable":true,"href":"https:\/\/dig-stuttgart.de\/info\/wp-json\/wp\/v2\/users\/1"}],"replies":[{"embeddable":true,"href":"https:\/\/dig-stuttgart.de\/info\/wp-json\/wp\/v2\/comments?post=6050"}],"version-history":[{"count":1,"href":"https:\/\/dig-stuttgart.de\/info\/wp-json\/wp\/v2\/posts\/6050\/revisions"}],"predecessor-version":[{"id":6051,"href":"https:\/\/dig-stuttgart.de\/info\/wp-json\/wp\/v2\/posts\/6050\/revisions\/6051"}],"wp:attachment":[{"href":"https:\/\/dig-stuttgart.de\/info\/wp-json\/wp\/v2\/media?parent=6050"}],"wp:term":[{"taxonomy":"category","embeddable":true,"href":"https:\/\/dig-stuttgart.de\/info\/wp-json\/wp\/v2\/categories?post=6050"},{"taxonomy":"post_tag","embeddable":true,"href":"https:\/\/dig-stuttgart.de\/info\/wp-json\/wp\/v2\/tags?post=6050"}],"curies":[{"name":"wp","href":"https:\/\/api.w.org\/{rel}","templated":true}]}}