{"id":6054,"date":"2020-07-05T09:43:56","date_gmt":"2020-07-05T09:43:56","guid":{"rendered":"http:\/\/dig-stuttgart.de\/info\/?p=6054"},"modified":"2020-06-27T23:16:08","modified_gmt":"2020-06-27T23:16:08","slug":"rencontres-forge-forcalquier","status":"publish","type":"post","link":"https:\/\/dig-stuttgart.de\/info\/2020\/07\/05\/rencontres-forge-forcalquier\/","title":{"rendered":"Rencontres Forge Forcalquier"},"content":{"rendered":"<p>Des loisirs au printemps 2019. Parmi les jeunes lecteurs de la Carline, il est un Publi\u00e9 par Laurie Charri\u00e9 le sam, 07042018-20:00 Le tissu \u00e9conomique actuel du d\u00e9partement porte encore lh\u00e9ritage de cette tradition, en t\u00e9moigne la pr\u00e9sence de nombreux producteurs de PPAM et dentreprises de produits finis herbes s\u00e9ch\u00e9es, cosm\u00e9tiques, parfums, \u00e9lixirs et sirops. <img decoding=\"async\" src=\"http:\/\/www.monceausthonore.com\/img\/monceau-st-honore-rencontres-serieuses.jpg\" alt=\"rencontres forge forcalquier\" align=\"right\"> Voil\u00e0 Pinocchio d\u00e9barquant chez Arlequin, Polichinelle, Pantalone et les autres! Les personnages de la commedia dellarte r\u00e9servent un accueil chaleureux \u00e0 leur compatriote qui les entrainera dans ses folles aventures. Acc\u00e8s libre. Entr\u00e9e libre pour les spectateurs. 20 de frais de combustibles pour les participants. \u03a7\u03bf\u03c1\u03c9\u03b4\u03af\u03b5\u03c2 \u03c3\u03c4\u03b7\u03bd \u03b1\u03b8\u03ae\u03bd\u03b1 0,00 \u03bd\u03b1\u03bf\u03c2 \u03c4\u03bf\u03c5 \u03c3\u03bf\u03bb\u03bf\u03bc\u03c9\u03bd\u03c4\u03b1 \u03b9\u03b7\u03c3\u03bf\u03c5\u03c2 Tax <img decoding=\"async\" src=\"http:\/\/www.gites-de-france-paca.com\/photos\/gites04\/G\/photo11\/G14174.jpg\" alt=\"rencontres forge forcalquier\" align=\"left\"> Calam\u00e9o-Le Petit Colporteur est pr\u00eat pour la rentr\u00e9e! Exposition qui pr\u00e9sente, en une suite de tableaux, les livres dartiste Farandole Lor de vivre lithographies de Hans Hartung et gravures de Anna-Eva Bergman pour des textes de Jean Proal. Jean Proal, Anna-Eva Bergman, Hans Hartung une amiti\u00e9 cr\u00e9atrice, restitue les textes et oeuvres. A voir \u00e0 la Maison <img decoding=\"async\" src=\"http:\/\/img.over-blog.com\/250x500\/4\/26\/98\/17\/_wsb_511x1020_participants.jpg\" alt=\"rencontres forge forcalquier\" align=\"center\"> Samuel Akounis, metteur en sc\u00e8ne, grec et juif en exil en France, a une id\u00e9e aussi belle quutopique, aller monter la pi\u00e8ce de Jean Anouilh Antigone \u00e0 Beyrouth, dans un Liban d\u00e9chir\u00e9 par la guerre. Il veut rassembler sur sc\u00e8ne, le temps dune tr\u00eave po\u00e9tique, des com\u00e9diens issus de chaque camp bellig\u00e9rant de ce conflit politique et religieux. Une mani\u00e8re de donner \u00e0 des ennemis une chance de se parler, de les r\u00e9unir autour dun projet commun. Cest Georges, un jeune fran\u00e7ais militant, qui par amiti\u00e9 pour Samuel ira r\u00e9aliser ce projet fou. Lui qui se disait politiquement engag\u00e9 et d\u00e9fenseur des opprim\u00e9s dans les manifestations parisiennes, va se retrouver au c\u0153ur dun conflit qui le d\u00e9passe, avec pour seule ambition de tenir la promesse faite \u00e0 un ami, un fr\u00e8re. Son poing va devenir une main ouverte, \u00e0 lautre, \u00e0 des ennemis, etc.  D\u00e9couvrez ses petites ruelles ombrag\u00e9es, ses champs doliviers \u00e0 perte de vue, la promenade des \u00e9v\u00eaques bord\u00e9e de 15 oratoires car Lurs \u00e9tait autrefois la r\u00e9sidence d\u00e9t\u00e9 des \u00e9v\u00eaques de Sisteron, la tour de lhorloge, couronn\u00e9e dun campanile en fer forg\u00e9, le th\u00e9\u00e2tre en plein air construit dans les ann\u00e9es 60 sur des ruines pour accueillir les Rencontres de Lure.  Des com\u00e9diens d\u00e9barquent, une heure durant ou par fragments. Ils remplissent lespace de chansons, de sc\u00e8nes, de personnages, masques et intrigues.. Leur secret? Une alchimie de po\u00e9sie, de rire et la saveur de la l\u00e9g\u00e8ret\u00e9. Par les dix mots, il sagit de montrer \u00e0 quel point la langue fran\u00e7aise est enrichie dautant de mani\u00e8res de penser, de voir, de sexprimer, que de personnes qui la parlent dans le monde. D\u00e9sireuse de provoquer des \u00e9changes culturels, artistiques et linguistiques, la Caravane des dix mots part ainsi \u00e0 travers le monde \u00e0 la rencontre des individus, des cultures et des langues de chacun. Compl\u00e8tent, jouent lun avec lautre, et cr\u00e9ent un univers tout en dr\u00f4lerie et Aurigane met la technologie au service de la tradition Dictionnaire historique, ou histoire abr\u00e9g\u00e9e des hommes qui se., Volume 14 Ca vit, \u00e7a bouge, avec simplicit\u00e9 et \u00e0 propos. Dans le ton juste de la parodie moqueuseUn enthousiasme et une plaisir dinterpr\u00e9tation visible pour cet Arlequin valet de deux maitres emmen\u00e9 par Alberto Nason et le Th\u00e9\u00e2tre des Asphod\u00e8les. Lib\u00e9ration Rencontre de forge \u00e0 Forcalquier les 10 et 11 septembre 2011  Alpes de Haute-Provence : d\u00e9couvrez le savoir-faire des forgerons de la biennale de Forcalquier \u03b5\u03bd\u03c4\u03c5\u03c0\u03bf \u03b1\u03b9\u03c4\u03b7\u03c3\u03b7\u03c2 \u03b1\u03b4\u03b5\u03b9\u03b1\u03c2 \u03bc\u03b9\u03ba\u03c1\u03b7\u03c2 \u03ba\u03bb\u03b9\u03bc\u03b1\u03ba\u03b1\u03c2 \u03a0\u03bb\u03b7\u03c1\u03bf\u03c6\u03bf\u03c1\u03b9\u03b1\u03ba\u03cc \u0388\u03b3\u03b3\u03c1\u03b1\u03c6\u03bf \u03c4\u03b7\u03c2 \u03b5\u03c4\u03b1\u03b9\u03c1\u03af\u03b1\u03c2 \u0394\u0395\u039b\u03a4\u0391 \u03a4\u0395\u03a7\u039d\u0399\u039a\u0397 \u0391.\u0395 \u03b3\u03b9\u03b1 \u03c4\u03b7\u03bd \u03ad\u03bd\u03c4\u03b1\u03be\u03b7 \u03c4\u03c9\u03bd \u0395\u03c4\u03b1\u03b9\u03c1\u03b9\u03ba\u03ce\u03bd \u039f\u03bc\u03bf\u03bb\u03cc\u03b3\u03c9\u03bd \u03c3\u03c4\u03b7\u03bd \u03ba\u03b1\u03c4\u03b7\u03b3\u03bf\u03c1\u03af\u03b1 \u03a3\u03c4\u03b1\u03b8\u03b5\u03c1\u03bf\u03cd \u0395\u03b9\u03c3\u03bf\u03b4\u03ae\u03bc\u03b1\u03c4\u03bf\u03c2 \u03c4\u03b7\u03c2 \u0395\u03bd\u03b1\u03bb\u03bb\u03b1\u03ba\u03c4\u03b9\u03ba\u03ae\u03c2 \u0391\u03b3\u03bf\u03c1\u03ac\u03c2 \u03c4\u03bf\u03c5 \u03a7\u03c1\u03b7\u03bc\u03b1\u03c4\u03b9\u03c3\u03c4\u03b7\u03c1\u03af\u03bf\u03c5 \u0391\u03b8\u03b7\u03bd\u03ce\u03bd. \u0395\u03c0\u03b9\u03c3\u03b7\u03bc\u03b1\u03af\u03bd\u03b5\u03c4\u03b1\u03b9 \u03cc\u03c4\u03b9 \u03b7 \u0395\u03c0\u03b9\u03c4\u03c1\u03bf\u03c0\u03ae \u039a\u03b5\u03c6\u03b1\u03bb\u03b1\u03b9\u03b1\u03b3\u03bf\u03c1\u03ac\u03c2 \u03ba\u03b1\u03b9 \u03c4\u03bf \u03a7\u03c1\u03b7\u03bc\u03b1\u03c4\u03b9\u03c3\u03c4\u03ae\u03c1\u03b9\u03bf \u0391\u03b8\u03b7\u03bd\u03ce\u03bd \u03b4\u03b5\u03bd \u03ad\u03c7\u03bf\u03c5\u03bd \u03b5\u03be\u03b5\u03c4\u03ac\u03c3\u03b5\u03b9 \u03ae \u03b5\u03b3\u03ba\u03c1\u03af\u03bd\u03b5\u03b9 \u03c4\u03bf \u03c0\u03b5\u03c1\u03b9\u03b5\u03c7\u03cc\u03bc\u03b5\u03bd\u03bf \u03c4\u03bf\u03c5 \u03c0\u03b1\u03c1\u03cc\u03bd\u03c4\u03bf\u03c2 \u03a0\u03bb\u03b7\u03c1\u03bf\u03c6\u03bf\u03c1\u03b9\u03b1\u03ba\u03bf\u03cd \u0395\u03b3\u03b3\u03c1\u03ac\u03c6\u03bf\u03c5.<\/p>\n","protected":false},"excerpt":{"rendered":"<p>rencontres forge forcalquier<\/p>\n","protected":false},"author":1,"featured_media":0,"comment_status":"closed","ping_status":"closed","sticky":false,"template":"","format":"standard","meta":{"footnotes":""},"categories":[1],"tags":[],"_links":{"self":[{"href":"https:\/\/dig-stuttgart.de\/info\/wp-json\/wp\/v2\/posts\/6054"}],"collection":[{"href":"https:\/\/dig-stuttgart.de\/info\/wp-json\/wp\/v2\/posts"}],"about":[{"href":"https:\/\/dig-stuttgart.de\/info\/wp-json\/wp\/v2\/types\/post"}],"author":[{"embeddable":true,"href":"https:\/\/dig-stuttgart.de\/info\/wp-json\/wp\/v2\/users\/1"}],"replies":[{"embeddable":true,"href":"https:\/\/dig-stuttgart.de\/info\/wp-json\/wp\/v2\/comments?post=6054"}],"version-history":[{"count":1,"href":"https:\/\/dig-stuttgart.de\/info\/wp-json\/wp\/v2\/posts\/6054\/revisions"}],"predecessor-version":[{"id":6055,"href":"https:\/\/dig-stuttgart.de\/info\/wp-json\/wp\/v2\/posts\/6054\/revisions\/6055"}],"wp:attachment":[{"href":"https:\/\/dig-stuttgart.de\/info\/wp-json\/wp\/v2\/media?parent=6054"}],"wp:term":[{"taxonomy":"category","embeddable":true,"href":"https:\/\/dig-stuttgart.de\/info\/wp-json\/wp\/v2\/categories?post=6054"},{"taxonomy":"post_tag","embeddable":true,"href":"https:\/\/dig-stuttgart.de\/info\/wp-json\/wp\/v2\/tags?post=6054"}],"curies":[{"name":"wp","href":"https:\/\/api.w.org\/{rel}","templated":true}]}}