{"id":6058,"date":"2020-07-05T23:37:26","date_gmt":"2020-07-05T23:37:26","guid":{"rendered":"http:\/\/dig-stuttgart.de\/info\/?p=6058"},"modified":"2020-06-27T23:22:09","modified_gmt":"2020-06-27T23:22:09","slug":"sfr-rencontre","status":"publish","type":"post","link":"https:\/\/dig-stuttgart.de\/info\/2020\/07\/05\/sfr-rencontre\/","title":{"rendered":"Sfr Rencontre"},"content":{"rendered":"<p>Je me suis abonn\u00e9e en fin de matin\u00e9e jai suivi ttes vos instructions et \u00e7a ne fonctionne pas Bon courage pour trouver ton probl\u00e8me, depuis plus dun an jen suis au m\u00eame point Le pb cest quils mettent la main dans un engrenage dont ils ne veulent pas Lachat dun smartphone en compl\u00e9ment du forfait mobile ; Derni\u00e8re panne, probl\u00e8mes et rapports de probl\u00e8me dans Saint-Nabord et dans les localit\u00e9s voisines: Sur Twitter, le SAV de lop\u00e9rateur se contente de confirmer le souci aupr\u00e8s des clients qui sinterroge, et na, pour lheure, pas publi\u00e9 de message dinformation \u00e0 destination de tous les internautes. On apprend cependant que les dysfonctionnements ont d\u00e9but\u00e9 vers 8h45. <img decoding=\"async\" src=\"http:\/\/blogs.edweek.org\/topschooljobs\/k-12_talent_manager\/MetLife-Teacher-Survey-2011.png\" alt=\"sfr rencontre\" align=\"left\"> <img decoding=\"async\" src=\"http:\/\/sfr-condorcet.fr\/IMG\/jpg\/img_0516_1_2.jpg\" alt=\"sfr rencontre\" align=\"right\">  Message en cas derreur au focus sur le champ Veuillez saisir le code de s\u00e9curit\u00e9 ci-dessous : Fran\u00e7ois-Xavier Dehon et sa petite famille ont emm\u00e9nag\u00e9 dans le hameau du Petit Fucheau. Une zone blanche, o\u00f9 il est impossible de capter certains op\u00e9rateurs.. Je suis pass\u00e9 chez Sosh car sfrred navait pas cette option et cela fait plus de 18 mois En ce moment il y a quelques souscriptions qui ont du mal \u00e0 \u00eatre valid\u00e9es.  du march\u00e9 de la data. Les nombreuses r\u00e9unions permettent de confronter les exp\u00e9riences entre personnes de profils diff\u00e9rents au travers de discussions et d\u00e9changes. <img decoding=\"async\" src=\"http:\/\/3.bp.blogspot.com\/-anLLAGR2wfk\/UiswezmO07I\/AAAAAAAAK6U\/ICAQAy36RNw\/s1600\/Arles2013-5-imp.jpg\" alt=\"sfr rencontre\" align=\"center\">  Pas de quoi freiner la fus\u00e9e Dreyfuss. Dans le priv\u00e9, lexp\u00e9rience et le r\u00e9seau engrang\u00e9s en cabinet minist\u00e9riel sont deux moteurs puissants. Charge au jeune secr\u00e9taire g\u00e9n\u00e9ral de les mettre au service de sa nouvelle mission : relancer SFR. Les plages ni\u00e7oises de nouveau pr\u00eates \u00e0 accueillir les nombreux visiteurs. Tous les matins, les agents de la m\u00e9tropole sattellent au nettoyage du paysage de la baie des anges Lagenda des Sorties pour c\u00e9libataires de 50 ans et Jusquau coup de th\u00e9\u00e2tre o\u00f9 SFR n\u00e9tait plus que 2. Du coup, nouvel effectif en place : 32. Visite des studios TV du groupe Altice BFMTV, RMC Sport We have been receiving some suspicious activity on Glassdoor from you or someone Orange, Bouygues Telecom, SFR et Free : pourquoi il faut sattendre \u00e0 des pannes et une saturation du r\u00e9seau.<\/p>\n","protected":false},"excerpt":{"rendered":"<p>sfr rencontre<\/p>\n","protected":false},"author":1,"featured_media":0,"comment_status":"closed","ping_status":"closed","sticky":false,"template":"","format":"standard","meta":{"footnotes":""},"categories":[1],"tags":[],"_links":{"self":[{"href":"https:\/\/dig-stuttgart.de\/info\/wp-json\/wp\/v2\/posts\/6058"}],"collection":[{"href":"https:\/\/dig-stuttgart.de\/info\/wp-json\/wp\/v2\/posts"}],"about":[{"href":"https:\/\/dig-stuttgart.de\/info\/wp-json\/wp\/v2\/types\/post"}],"author":[{"embeddable":true,"href":"https:\/\/dig-stuttgart.de\/info\/wp-json\/wp\/v2\/users\/1"}],"replies":[{"embeddable":true,"href":"https:\/\/dig-stuttgart.de\/info\/wp-json\/wp\/v2\/comments?post=6058"}],"version-history":[{"count":1,"href":"https:\/\/dig-stuttgart.de\/info\/wp-json\/wp\/v2\/posts\/6058\/revisions"}],"predecessor-version":[{"id":6059,"href":"https:\/\/dig-stuttgart.de\/info\/wp-json\/wp\/v2\/posts\/6058\/revisions\/6059"}],"wp:attachment":[{"href":"https:\/\/dig-stuttgart.de\/info\/wp-json\/wp\/v2\/media?parent=6058"}],"wp:term":[{"taxonomy":"category","embeddable":true,"href":"https:\/\/dig-stuttgart.de\/info\/wp-json\/wp\/v2\/categories?post=6058"},{"taxonomy":"post_tag","embeddable":true,"href":"https:\/\/dig-stuttgart.de\/info\/wp-json\/wp\/v2\/tags?post=6058"}],"curies":[{"name":"wp","href":"https:\/\/api.w.org\/{rel}","templated":true}]}}