{"id":6080,"date":"2020-07-05T19:22:47","date_gmt":"2020-07-05T19:22:47","guid":{"rendered":"http:\/\/dig-stuttgart.de\/info\/?p=6080"},"modified":"2020-06-27T23:36:25","modified_gmt":"2020-06-27T23:36:25","slug":"rencontre-norvegienne-gratuite","status":"publish","type":"post","link":"https:\/\/dig-stuttgart.de\/info\/2020\/07\/05\/rencontre-norvegienne-gratuite\/","title":{"rendered":"Rencontre Norv\u00e9gienne Gratuite"},"content":{"rendered":"<p>Depuis 2001 lassociation valorise et mutualise, de mani\u00e8re participative, les analyses des m\u00e9tiers et des dangers faites par les personnes du terrain : pr\u00e9venteurs, salari\u00e9s, formateurs, membres des CSE, etc. Rencontre March\u00e9 de No\u00ebl \u00e0 Oslo-Jul i Vinterland-Les \u00e9v\u00e8nements norv\u00e9giens en France et en Norv\u00e8ge L\u00e9quipe de Premier League qui joue court la plus grande proportion de ses six m\u00e8tres nest ni Manchester City, ni Arsenal, ni Liverpool mais. Brighton. L\u00e9t\u00e9 dernier, les Seagulls ont v\u00e9cu une r\u00e9volution avec larriv\u00e9e de Graham Potter sur leur banc, incarn\u00e9e par cette phase de jeu en apparence anodine. La saison pass\u00e9e, avec Chris Hughton, Matt Ryan jouait 6 de six m\u00e8tres courts, contre 76 cette saison. R\u00e9servez votre voyage en croisi\u00e8re pas cher avec notre comparateur de coisi\u00e8res Recevez, chaque mardi, le meilleur de lactualit\u00e9 de la chasse! Connectez-vous pour conserver cet article et le lire plus tard. \u0397\u03bc\u03b9\u03bc\u03bf\u03bd\u03b9\u03bc\u03bf \u03c4\u03b1\u03c4\u03bf\u03c5\u03b1\u03b6 \u03c6\u03c1\u03c5\u03b4\u03b9\u03c9\u03bd loreal 90 \u03b1\u03bd\u03ce\u03bd\u03c5\u03bc\u03b5\u03c2 \u03bc\u03b5\u03c4\u03bf\u03c7\u03ad\u03c2 \u03c3\u03c4\u03b1 \u03b1\u03b3\u03b3\u03bb\u03b9\u03ba\u03ac DONNARUMMA Il a surpris m\u00e9dias et dirigeants internationaux en cette fin de mois dao\u00fbt, faisant du G7 de Biarritz un rendez-vous bien plus int\u00e9ressant que ce que lon pouvait esp\u00e9rer. Emmanuel Macron sest permis dinviter au pays basque le chef de la diplomatie iranienne. Mohammad Javad Zarif sest retrouv\u00e9 ainsi pour la premi\u00e8re fois dans la m\u00eame ville quun pr\u00e9sident am\u00e9ricain. Configuration impensable il y a encore quelques semaines. Visite surprise du ministre iranien des Affaires \u00e9trang\u00e8res Mohammad Javad Zarif en blanc \u00e0 gauche au G7 de Biarritz le 26 ao\u00fbt 2019 AFP JAVAD ZARIFS OFFICIAL TWITTER ACCOUNT AFP La vid\u00e9o du jour est une rubrique qui permet de promouvoir le partage de vid\u00e9o. Envoyez-nous des suggestions de vid\u00e9o insolite, humoristique, dactualit\u00e9s, de d\u00e9bat. Nous les publierons dans les vid\u00e9os de demain!  <img decoding=\"async\" src=\"http:\/\/www.note.anglersacademy.org\/media\/02\/01\/1030648325.jpg\" alt=\"rencontre norv\u00e9gienne gratuite\" align=\"left\"> Lactualit\u00e9 des sections et lagenda des manifestations et des \u00e9v\u00e9nements du F.C.L. Feytiat  27 membres souhaitant appara\u00eetrent dans les r\u00e9sultats de recherche correspondent \u00e0 ta recherche. Utilise les filtres pour affiner ta recherche. Notre syst\u00e8me est capable de diff\u00e9rencier les personnes qui cherchent \u00e0 faire des rencontres ou partager des moments intimes de ceux qui veulent simplement dialoguer sans arri\u00e8re-pens\u00e9e. \u03a3\u03c7\u03bf\u03bb\u03b9\u03ba\u03ad\u03c2 \u03c4\u03c3\u03ac\u03bd\u03c4\u03b5\u03c2 \u03b4\u03b7\u03bc\u03bf\u03c4\u03b9\u03ba\u03bf\u03cd \u03b3\u03b9\u03b1 \u03b1\u03b3\u03cc\u03c1\u03b9\u03b1 BACK TO MENU <img decoding=\"async\" src=\"http:\/\/www.note.anglersacademy.org\/media\/01\/02\/557999974.JPG\" alt=\"rencontre norv\u00e9gienne gratuite\" align=\"left\"> Qualifi\u00e9 pour le second tour des \u00e9lections municipales \u00e0 Toulouse, et en bonne posture pour inqui\u00e9ter le maire sortant, le candidat dArchipel Citoyen relance sa campagne \u00e9lectorale. Apr\u00e8s avoir \u00e9t\u00e9 discret durant le confinement, Antoine Maurice a tenu une conf\u00e9rence de presse pour critiquer la gestion de crise de Jean-Luc Moudenc. Par ailleurs, la t\u00eate de liste \u00e9cologiste se pose en soutien de la fili\u00e8re a\u00e9ronautique, premier employeur de la r\u00e9gion toulousaine, frapp\u00e9e de plein fouet par la crise actuelle. Le studio am\u00e9ricain ne pr\u00e9cise pas ses raisons mais la d\u00e9cision intervient sur fond de pol\u00e9mique sur la vision \u00e9dulcor\u00e9e de la s\u00e9gr\u00e9gation que pr\u00e9sente le film. <img decoding=\"async\" src=\"http:\/\/www.teniamosm.gq\/wp-content\/uploads\/2018\/03\/plan-strategique-bien-etre-animal-poulet-400x250.jpg\" alt=\"rencontre norv\u00e9gienne gratuite\" align=\"center\"> La princesse Madeleine de Su\u00e8de f\u00eate, ce mercredi, son 38e anniversaire. Loccasion pour le Palais de d\u00e9voiler un nouveau.. Publi\u00e9 le 10062020  Notre minette Praline sest \u00e9gar\u00e9e durant 8 longues journ\u00e9es et difficiles nuits, et hier soir, un voisin est venu sonner \u00e0 notre porte pour nous dire quil entendait un chat miauler tr\u00e8s fort. Nous avons accouru et c\u00e9tait bien elle! Quel bonheur! Elle \u00e9tait amaigrie mais pas bless\u00e9e. Soit elle \u00e9tait coinc\u00e9e quelque part, soit nest pas arriv\u00e9 \u00e0 se retrouver apr\u00e8s sa balade nocturne. Seuls elle et Dieu le savent, mais ni lun ni lautre ne peuvent nous le dire..<\/p>\n","protected":false},"excerpt":{"rendered":"<p>rencontre norv\u00e9gienne gratuite<\/p>\n","protected":false},"author":1,"featured_media":0,"comment_status":"closed","ping_status":"closed","sticky":false,"template":"","format":"standard","meta":{"footnotes":""},"categories":[1],"tags":[],"_links":{"self":[{"href":"https:\/\/dig-stuttgart.de\/info\/wp-json\/wp\/v2\/posts\/6080"}],"collection":[{"href":"https:\/\/dig-stuttgart.de\/info\/wp-json\/wp\/v2\/posts"}],"about":[{"href":"https:\/\/dig-stuttgart.de\/info\/wp-json\/wp\/v2\/types\/post"}],"author":[{"embeddable":true,"href":"https:\/\/dig-stuttgart.de\/info\/wp-json\/wp\/v2\/users\/1"}],"replies":[{"embeddable":true,"href":"https:\/\/dig-stuttgart.de\/info\/wp-json\/wp\/v2\/comments?post=6080"}],"version-history":[{"count":1,"href":"https:\/\/dig-stuttgart.de\/info\/wp-json\/wp\/v2\/posts\/6080\/revisions"}],"predecessor-version":[{"id":6081,"href":"https:\/\/dig-stuttgart.de\/info\/wp-json\/wp\/v2\/posts\/6080\/revisions\/6081"}],"wp:attachment":[{"href":"https:\/\/dig-stuttgart.de\/info\/wp-json\/wp\/v2\/media?parent=6080"}],"wp:term":[{"taxonomy":"category","embeddable":true,"href":"https:\/\/dig-stuttgart.de\/info\/wp-json\/wp\/v2\/categories?post=6080"},{"taxonomy":"post_tag","embeddable":true,"href":"https:\/\/dig-stuttgart.de\/info\/wp-json\/wp\/v2\/tags?post=6080"}],"curies":[{"name":"wp","href":"https:\/\/api.w.org\/{rel}","templated":true}]}}