{"id":6082,"date":"2020-07-05T10:19:08","date_gmt":"2020-07-05T10:19:08","guid":{"rendered":"http:\/\/dig-stuttgart.de\/info\/?p=6082"},"modified":"2020-06-27T23:36:39","modified_gmt":"2020-06-27T23:36:39","slug":"rencontre-job-transfrontalier","status":"publish","type":"post","link":"https:\/\/dig-stuttgart.de\/info\/2020\/07\/05\/rencontre-job-transfrontalier\/","title":{"rendered":"Rencontre Job Transfrontalier"},"content":{"rendered":"<p>Face aux nombreux faits de violence dans la sph\u00e8re familiale, le poste dintervenant social est utile pour \u00e9pauler les militaires. Le d\u00e9put\u00e9 vient d\u00e9crire au D\u00e9partement. Une permanence se tient tous les jeudis de 8h30 \u00e0 12h00 sans rendez-vous dans les locaux de P\u00f4le Emploi S\u00e9lestat 14 Rue de la Manufacture. Mis \u00e0 jour le 06.02.2019 On va pouvoir cr\u00e9er des salles additionnelles, qui vont \u00eatre des endroits o\u00f9 on va pouvoir se retrouver pour discuter de sujets annexes m\u00eame si la conf\u00e9rence principale continue de se d\u00e9rouler. On va pouvoir aussi utiliser des outils li\u00e9s au t\u00e9l\u00e9phone, et aux apps, de networking, en utilisant des nouvelles choses dans le domaine de lintelligence artificielle. On va cr\u00e9er des liens automatiques entre les participants en fonction de leur localisation, de leur d\u00e9partement, avec toute la s\u00e9curit\u00e9 qui va avec. Pour que ces gens puissent se rencontrer, entre les temps forts de la conf\u00e9rence virtuelle et des intervenants. Nous on va aussi travailler sur la partie story telling et la logistique, parce quil faut sassurer quon garde tous les gens engag\u00e9s et motiv\u00e9s. Quand il va y avoir le speech de lintervenant principal, ils vont vouloir poser des questions. Plut\u00f4t quavoir des mains qui se l\u00e8vent dans une salle, on va avoir une fen\u00eatre qui appara\u00eetra avec trois questions que les gens pourront reprendre et du coup lintervenant pourra r\u00e9agir dessus pendant son speech en live. On peut imaginer tout un tas de choses autour du story telling. Et de la logistique. La gestion de la complexit\u00e9 de la logistique en tant quagence est de notre domaine, on est l\u00e0 pour aider le client. Pour faire en sorte que lexp\u00e9rience du digital soit aussi fluide que ce que le client pourrait avoir en r\u00e9el. Alors que le gouvernement a d\u00e9voil\u00e9 les cartes de d\u00e9confinement progressif, a pr\u00e9venu encore vendredi lors dune r\u00e9ception \u00e0 l\u00c9lis\u00e9e que le 11 mai serait une \u00e9tape importante mais pas le passage \u00e0 une vie normale. En t\u00eate des pr\u00e9occupations, la r\u00e9ouverture des \u00e9coles qui sannonce tr\u00e8s p\u00e9rilleuse. La majorit\u00e9 des \u00e9coles maternelles et primaires seront au rendez-vous du 11 mai, a affirm\u00e9 Jean-Michel Planquer au Figaro, avec un maximum de 15 enfants par classe. Mais certains \u00e9diles ne veulent pas en entendre parler. 15 heures. 1 771 cas confirm\u00e9s dans les arm\u00e9es depuis le d\u00e9but de la crise sanitaire <img decoding=\"async\" src=\"http:\/\/www.etess.eu\/wetess\/wp-content\/uploads\/2017\/04\/reunion-etess-Hendayeweb.jpg\" alt=\"rencontre job transfrontalier\" align=\"left\"> le-Parleme nt-forum a n nuel s ur l emploi d e s TIC au service des parlements-sest tenue \u00e0 Washington, du 3 au 5 novembre 2009, \u00e0 linvita ti o n de l a Pr\u00e9sid en t e de l a Chambre des..  Un forum de lemploi transfrontalier \u00e0 Hendaye ce 4 avril A loccasion de la pr\u00e9sidence grecque, le Lieu dEurope vous propose. Le jeudi 18 Octobre de 14 \u00e0 17 h lagence dint\u00e9rim KONVERT vous attend \u00e0 Roubaix avec des emplois \u00e0 la clef La salle de travail, les caf\u00e9s et le repas du 7 novembre midi sont mis \u00e0 disposition par le Cette semaine dans Cest Cash, Olivier Delamarche et Estelle Farge se penchent sur le plan de relance de la Commission europ\u00e9enne. Il y a de nombreux chefs dentreprise qui d\u00e9sesp\u00e8rent de ne pas trouver sur le march\u00e9 du travail des locuteurs bilingues, tout comme de nombreux bilingues qui ne savent pas o\u00f9 chercher leurs Arbeitgeber potentiels. Sur cette page vous trouverez toutes les informations sur les sources o\u00f9 trouver des annonces et des sp\u00e9cialistes de lemploi franco-allemand : Recherche demploi dans un contexte transfrontalier Etre transfrontalier, cest facile! 6 et 7 juin \u00e0 Hendaye  <img decoding=\"async\" src=\"http:\/\/www.estes.fr\/sites\/default\/files\/vademecum.jpg\" alt=\"rencontre job transfrontalier\" align=\"right\"> Les rencontres europ\u00e9ennes ont \u00e9t\u00e9 initi\u00e9es en 2006. Depuis 13 ans, des Madame Myriam El Khomri, Ministre du Travail, de lEmploi, de la Formation professionnelle et du Dialogue social, a pr\u00e9sid\u00e9 ce jour la s\u00e9ance de signature entre l\u00c9tat et la R\u00e9gion de la premi\u00e8re convention r\u00e9gionale d\u00e9clinant le plan national. Au programme : visite du centre, et \u00e9changes avec les formateurs et les stagiaires, et quelques surprises!  <img decoding=\"async\" src=\"http:\/\/mw2.google.com\/mw-panoramio\/photos\/medium\/15791773.jpg\" alt=\"rencontre job transfrontalier\" align=\"right\">.<\/p>\n","protected":false},"excerpt":{"rendered":"<p>rencontre job transfrontalier<\/p>\n","protected":false},"author":1,"featured_media":0,"comment_status":"closed","ping_status":"closed","sticky":false,"template":"","format":"standard","meta":{"footnotes":""},"categories":[1],"tags":[],"_links":{"self":[{"href":"https:\/\/dig-stuttgart.de\/info\/wp-json\/wp\/v2\/posts\/6082"}],"collection":[{"href":"https:\/\/dig-stuttgart.de\/info\/wp-json\/wp\/v2\/posts"}],"about":[{"href":"https:\/\/dig-stuttgart.de\/info\/wp-json\/wp\/v2\/types\/post"}],"author":[{"embeddable":true,"href":"https:\/\/dig-stuttgart.de\/info\/wp-json\/wp\/v2\/users\/1"}],"replies":[{"embeddable":true,"href":"https:\/\/dig-stuttgart.de\/info\/wp-json\/wp\/v2\/comments?post=6082"}],"version-history":[{"count":1,"href":"https:\/\/dig-stuttgart.de\/info\/wp-json\/wp\/v2\/posts\/6082\/revisions"}],"predecessor-version":[{"id":6083,"href":"https:\/\/dig-stuttgart.de\/info\/wp-json\/wp\/v2\/posts\/6082\/revisions\/6083"}],"wp:attachment":[{"href":"https:\/\/dig-stuttgart.de\/info\/wp-json\/wp\/v2\/media?parent=6082"}],"wp:term":[{"taxonomy":"category","embeddable":true,"href":"https:\/\/dig-stuttgart.de\/info\/wp-json\/wp\/v2\/categories?post=6082"},{"taxonomy":"post_tag","embeddable":true,"href":"https:\/\/dig-stuttgart.de\/info\/wp-json\/wp\/v2\/tags?post=6082"}],"curies":[{"name":"wp","href":"https:\/\/api.w.org\/{rel}","templated":true}]}}