{"id":6114,"date":"2020-07-05T23:06:39","date_gmt":"2020-07-05T23:06:39","guid":{"rendered":"http:\/\/dig-stuttgart.de\/info\/?p=6114"},"modified":"2020-06-27T23:53:29","modified_gmt":"2020-06-27T23:53:29","slug":"atelier-rencontres-ensad","status":"publish","type":"post","link":"https:\/\/dig-stuttgart.de\/info\/2020\/07\/05\/atelier-rencontres-ensad\/","title":{"rendered":"Atelier Rencontres Ensad"},"content":{"rendered":"<p><img decoding=\"async\" src=\"http:\/\/www.lopendoc.org\/interactiondesign-2016-03\/wp-content\/uploads\/sites\/33\/2016\/10\/photo-17.jpg\" alt=\"atelier rencontres ensad\" align=\"left\"> Ce mois-ci, venez d\u00e9couvrir 2 livres, par la voix de leurs auteures : Moi, canard de Ramona Badescu et Sous le soleil de Laurence Lagier et Ariadne Breton. Echapper au formatage. Cest ce qui a conduit lEnsci-Les Ateliers \u00e0 concocter un concours un peu diff\u00e9rent depuis sa cr\u00e9ation, en 1982. Nous ne cherchons pas des comp\u00e9tences, mais des profils, souligne Yann Fab\u00e8s, son directeur. Pr\u00e8s de 800 candidats se pr\u00e9sentent pour 35 places dans le cursus cr\u00e9ation industrielle. Apr\u00e8s une phase dadmissibilit\u00e9, moins de 200 personnes sont convoqu\u00e9es pour une journ\u00e9e de concours. De 9 heures \u00e0 20 heures, elles vont encha\u00eener en groupe de 4 \u00e0 8, puis individuellement, les ateliers et les entretiens. Une \u00e9preuve collective de reproduction dune structure en Lego fait partie des temps forts de la journ\u00e9e. Le jury observe la dynamique de groupe comme le r\u00f4le de chacun, comment le collectif sorganise et trouve des solutions, explique Yann Fab\u00e8s. DESHAIRS L\u00e9on, Lorigine et le pass\u00e9 de lEcole des Arts d\u00e9coratifs in Jubil\u00e9 de lEcole nationale sup\u00e9rieure des Arts d\u00e9coratifs, 1951. Lornement architectural contemporain, entre subjectivit\u00e9 et politique par Antoine Picon, architecte, ing\u00e9nieur et docteur en histoire. <img decoding=\"async\" src=\"http:\/\/68.media.tumblr.com\/0641657549df91144a1751e3b6accfd4\/tumblr_mpfdhd7yqC1r9lfcvo2_r1_1280.jpg\" alt=\"atelier rencontres ensad\" align=\"center\"> \u00c9cole nationale sup\u00e9rieure dart et de design de Nancy Conception, ralisation et programmation : Akio Kamisato, Satoshi Shibata Takehisa Mashimo 9 janvier 2019 : Rire et dessiner librement de tout? Avec Myka\u00efa, dessinateur de presse. \u00c0 confirmer Production : Atelier de recherches interactives, Ensad, Paris Louis Dandrel: affiche r\u00e9alis\u00e9e en collaboration avec Jules Philippe. Commissariat d\u00c9tienne Meignant, dipl\u00f4m\u00e9 de lEnsa de Bourges L\u00c9cole des Arts D\u00e9co lance un appel \u00e0 toutes les entreprises d\u00e9sireuses de soutenir la jeune cr\u00e9ation, laudace et linnovation. Venez \u00e9couter Ne\u00efl Beloufa, ce mercredi, qui nous parlera de son travail et notamment de son nouveau film qui sort dans une semaine Occidental Lenseignement apr\u00e8s-guerre se recentre sous limpulsion de son directeur L\u00e9on Moussinac autour de larchitecture int\u00e9rieure. En 1962, son successeur, Jacques Adnet, fait appel \u00e0 Roger Tallon pour mettre en place ce qui sappelait encore l esth\u00e9tique industrielle et qui va simposer comme le premier enseignement en France du design industriel.  Newsletter Mai Juin 2020 Actu des promos Hangar Th\u00e9\u00e2tre R\u00e9sidences Artistes de la Casa de Vel\u00e1zquez. Acad\u00e9mie de France \u00e0 Madrid 2018 By Collectif Images en lutte titre provisoire, avec Philippe Arti\u00e8res, directeur d\u00e9tudes au CNRS  <img decoding=\"async\" src=\"http:\/\/atelierdidiermutel.com\/wp-content\/uploads\/2018\/03\/Logo-ADM-100.jpg\" alt=\"atelier rencontres ensad\" align=\"right\"> Lentr\u00e9e de lancien b\u00e2timent de l\u00c9cole royale gratuite de dessin pour gar\u00e7ons, \u00e0. R\u00e9\u00e9couter Soignants apr\u00e8s la temp\u00eate \u00e9couter 28 min 28 min Journ\u00e9e du patrimoine, Installation Ph\u00f4s, Ch\u00e2teau de Vincennes, France http:www.lafriche.orgfragendales-ecrits-du-numerique-4-1526  Les jurys sondent la curiosit\u00e9, limagination, la capacit\u00e9 dengagement, le potentiel artistique, r\u00e9sume Emmanuel Hermange, directeur de la classe pr\u00e9paratoire Arcades Issy-les-Moulineaux et pr\u00e9sident de lAssociation nationale des pr\u00e9pas publiques aux \u00e9coles sup\u00e9rieures dart. Mais, depuis la mise en place de la r\u00e9forme LMD licence-master-doctorat il y a pr\u00e8s de dix ans, la culture g\u00e9n\u00e9rale a acquis, il est vrai, un poids plus important quauparavant. En cinqui\u00e8me ann\u00e9e, les \u00e9tudiants doivent \u00eatre capables de formaliser un m\u00e9moire. Lire aussi.<\/p>\n","protected":false},"excerpt":{"rendered":"<p>atelier rencontres ensad<\/p>\n","protected":false},"author":1,"featured_media":0,"comment_status":"closed","ping_status":"closed","sticky":false,"template":"","format":"standard","meta":{"footnotes":""},"categories":[1],"tags":[],"_links":{"self":[{"href":"https:\/\/dig-stuttgart.de\/info\/wp-json\/wp\/v2\/posts\/6114"}],"collection":[{"href":"https:\/\/dig-stuttgart.de\/info\/wp-json\/wp\/v2\/posts"}],"about":[{"href":"https:\/\/dig-stuttgart.de\/info\/wp-json\/wp\/v2\/types\/post"}],"author":[{"embeddable":true,"href":"https:\/\/dig-stuttgart.de\/info\/wp-json\/wp\/v2\/users\/1"}],"replies":[{"embeddable":true,"href":"https:\/\/dig-stuttgart.de\/info\/wp-json\/wp\/v2\/comments?post=6114"}],"version-history":[{"count":1,"href":"https:\/\/dig-stuttgart.de\/info\/wp-json\/wp\/v2\/posts\/6114\/revisions"}],"predecessor-version":[{"id":6115,"href":"https:\/\/dig-stuttgart.de\/info\/wp-json\/wp\/v2\/posts\/6114\/revisions\/6115"}],"wp:attachment":[{"href":"https:\/\/dig-stuttgart.de\/info\/wp-json\/wp\/v2\/media?parent=6114"}],"wp:term":[{"taxonomy":"category","embeddable":true,"href":"https:\/\/dig-stuttgart.de\/info\/wp-json\/wp\/v2\/categories?post=6114"},{"taxonomy":"post_tag","embeddable":true,"href":"https:\/\/dig-stuttgart.de\/info\/wp-json\/wp\/v2\/tags?post=6114"}],"curies":[{"name":"wp","href":"https:\/\/api.w.org\/{rel}","templated":true}]}}