{"id":6134,"date":"2020-07-05T11:26:00","date_gmt":"2020-07-05T11:26:00","guid":{"rendered":"http:\/\/dig-stuttgart.de\/info\/?p=6134"},"modified":"2020-06-28T00:05:53","modified_gmt":"2020-06-28T00:05:53","slug":"rencontre-argentat-gratuite","status":"publish","type":"post","link":"https:\/\/dig-stuttgart.de\/info\/2020\/07\/05\/rencontre-argentat-gratuite\/","title":{"rendered":"Rencontre Argentat Gratuite"},"content":{"rendered":"<p>Et vous, le 6 Juillet, quel sera votre h\u00e9ros pr\u00e9f\u00e9r\u00e9?  Gedimat a choisi les meilleurs mat\u00e9riaux, accessoires et outillage pour une isolation parfaite, source d\u00e9conomie et de confort. Plan cul gratuit sans lendemain et annonce de sexe pour des rencontres r\u00e9elles et sans inscription  <img decoding=\"async\" src=\"http:\/\/www.light.cafedusoleil.ca\/var\/ville_saint_brice\/storage\/images\/mediatheque\/enfance-et-jeunesse\/reseau-information-jeunesse\/dsc_0125\/440650-1-fre-FR\/DSC_0125_lightbox.jpg\" alt=\"rencontre argentat gratuite\" align=\"right\"> <img decoding=\"async\" src=\"http:\/\/www.delrieu.info\/dotclear\/images\/0000043\/IMG_0653.JPG\" alt=\"rencontre argentat gratuite\" align=\"right\"> Le premier r\u00e9flexe pour les particuliers et les pros sinstallant \u00e0 Argentat est de soccuper de mettre en service leur compteur d\u00e9lectricit\u00e9. Afin de demander lactivation de l\u00e9lectricit\u00e9 dans sa maison ou local, il est n\u00e9cessaire de souscrire un abonnement \u00e9nergie aupr\u00e8s dun fournisseur d\u00e9lectricit\u00e9. Si \u00e0 votre arriv\u00e9e dans les lieux le compteur est ferm\u00e9, lintervention dun technicien Enedis sera n\u00e9cessaire pour remettre le compteur en marche. Si l\u00e9lectricit\u00e9 est toujours en marche, aucune intervention ne sera requise. Il est cependant important de noter que lactivation dun compteur d\u00e9lectricit\u00e9 est syst\u00e9matiquement factur\u00e9e, que l\u00e9lectricit\u00e9 soit coup\u00e9e ou non. Les prix sont les m\u00eames pour les particuliers et les pros et d\u00e9pendent du d\u00e9lais souhait\u00e9. Comprendre et d\u00e9fendre la biodiversit\u00e9 et la culturodiversit\u00e9 Exposition Yao Metsoko \u00e0 la galerie A suivre de Beynat tout l\u00e9t\u00e9  11h15 A la librairie-estaminet La Grenouille, Marc D\u00e9cimo pr\u00e9sente lexposition Linvasion des grenouilles et nous parle de Jean-Pierre Brisset 1837-1919, qui mena une carri\u00e8re ferroviaire tout en \u00e9crivant des livres bas\u00e9s sur une r\u00e9v\u00e9lation : Lhomme est n\u00e9 dans leau, son anc\u00eatre est la grenouille et lanalyse des langues humaines apporte la preuve de cette th\u00e9orie. Pour c\u00e9l\u00e9brer les 20 ans de son ouverture au public et de linscription du Val de Loire au Patrimoine Mondial de lUNESCO, le Ch\u00e2teau du Rivau a choisi de d\u00e9dier son exposition estivale au go\u00fbt de. Mer. 0104 au dim. 0111 Agenda-Conf\u00e9rences, Rencontres Ch\u00e2teau du Rivau L\u00e9mer\u00e9 37120 La Municipalit\u00e9 vous invite \u00e0 rejoindre les bars de la ville pour f\u00eater la Victoire des Bleus!! Un voyage au temps des chevaliers qui vous fera vibrer Le 10 et 11 ao\u00fbt, revivez le temps des tournois de chevalerie et vibrez aux exploits des valeureux chevaliers qui saffrontent dans les douves. Sam. 0808 et dim. 0908 Animations locales Ch\u00e2teau du Rivau L\u00e9mer\u00e9 37120 Plat en fa\u00efence \u00e0 d\u00e9cor de poisson. Collection de Nuage vert-mus\u00e9e mobile Vall\u00e9e de la Dordogne Salut, moi cest Gabriel je fais 1.78 cm de taille 69 kg Sur le r\u00e9seau EnedisERDF, avec Selectra-Tous les jours de 8h \u00e0 21h dimanche jours f\u00e9ri\u00e9s : 9h-13h Rencontres-Promenades 2017 du 20 au 23 juillet : Rallumons les Lumi\u00e8res! image de P\u00e9tillon LACSI Club ID est accept\u00e9e en tant que pi\u00e8ce didentit\u00e9 descendre la dordogne sur la base COPEYRE QUERCYLAND de carennac. D\u00e9couvrez la vall\u00e9e de la dordogne en cano\u00eb kayak. Location de cano\u00eb kayak sur 14 bases couvrant 120km de descente dargentat \u00e0 beynac. Partez \u00e0 la rencontre des merveilles de la vall\u00e9e de la dordogne-Pour le 2\u00e8me tir\u00e9 au sort: 2 entr\u00e9es pour un match de lUS Argentat \u00e0 domicile durant cette saison. <img decoding=\"async\" src=\"http:\/\/catalogue.gazette-drouot.com\/images\/perso\/full\/LOT\/266\/22458\/466.jpg\" alt=\"rencontre argentat gratuite\" align=\"center\"> Nous avons particip\u00e9 au Forum Boost Emploi organis\u00e9 par le Conseil D\u00e9partemental de la Corr\u00e8ze le Jeudi 14 Novembre 2019 \u00e0 Argentat. Pr\u00e8s de 200 personnes sont venus rencontrer les employeurs du bassin et des alentours. Il est int\u00e9ressant de proposer des actions de ce type d\u00e9localis\u00e9es pour aller au plus des candidats.Beaucoup de partenaires professionnels y \u00e9taient pr\u00e9sents.Suite \u00e0 ces rencontres, nous allons proposer \u00e0 certains candidats des p\u00e9riodes dimmersion afin de d\u00e9couvrir le m\u00e9tier et pourquoi pas leur proposer des emplois par la suite.caption idattachment_4115 alignalignleft width256 Photos : Forum Boost Emploicaption.<\/p>\n","protected":false},"excerpt":{"rendered":"<p>rencontre argentat gratuite<\/p>\n","protected":false},"author":1,"featured_media":0,"comment_status":"closed","ping_status":"closed","sticky":false,"template":"","format":"standard","meta":{"footnotes":""},"categories":[1],"tags":[],"_links":{"self":[{"href":"https:\/\/dig-stuttgart.de\/info\/wp-json\/wp\/v2\/posts\/6134"}],"collection":[{"href":"https:\/\/dig-stuttgart.de\/info\/wp-json\/wp\/v2\/posts"}],"about":[{"href":"https:\/\/dig-stuttgart.de\/info\/wp-json\/wp\/v2\/types\/post"}],"author":[{"embeddable":true,"href":"https:\/\/dig-stuttgart.de\/info\/wp-json\/wp\/v2\/users\/1"}],"replies":[{"embeddable":true,"href":"https:\/\/dig-stuttgart.de\/info\/wp-json\/wp\/v2\/comments?post=6134"}],"version-history":[{"count":1,"href":"https:\/\/dig-stuttgart.de\/info\/wp-json\/wp\/v2\/posts\/6134\/revisions"}],"predecessor-version":[{"id":6135,"href":"https:\/\/dig-stuttgart.de\/info\/wp-json\/wp\/v2\/posts\/6134\/revisions\/6135"}],"wp:attachment":[{"href":"https:\/\/dig-stuttgart.de\/info\/wp-json\/wp\/v2\/media?parent=6134"}],"wp:term":[{"taxonomy":"category","embeddable":true,"href":"https:\/\/dig-stuttgart.de\/info\/wp-json\/wp\/v2\/categories?post=6134"},{"taxonomy":"post_tag","embeddable":true,"href":"https:\/\/dig-stuttgart.de\/info\/wp-json\/wp\/v2\/tags?post=6134"}],"curies":[{"name":"wp","href":"https:\/\/api.w.org\/{rel}","templated":true}]}}