{"id":6186,"date":"2020-07-05T01:40:32","date_gmt":"2020-07-05T01:40:32","guid":{"rendered":"http:\/\/dig-stuttgart.de\/info\/?p=6186"},"modified":"2020-06-28T00:25:08","modified_gmt":"2020-06-28T00:25:08","slug":"prostituee-plan-de-campagne","status":"publish","type":"post","link":"https:\/\/dig-stuttgart.de\/info\/2020\/07\/05\/prostituee-plan-de-campagne\/","title":{"rendered":"Prostituee Plan De Campagne"},"content":{"rendered":"<p> <img decoding=\"async\" src=\"http:\/\/www.omlet.ie\/images\/originals\/Heavy_duty_cover_with_gutter_edge_for_walk_in_run_2m_on_run_close_up.jpg\" alt=\"prostituee plan de campagne\" align=\"left\"> Vous avez \u00e9t\u00e9 d\u00e9connect\u00e9 car votre compte est utilis\u00e9 \u00e0 partir dun autre appareil 1. Les violences subies durant lenfance comme facteur fragilisant Le container quattendait J\u00e9r\u00f4me B\u00e9nozillo \u00e9tait d\u00e9j\u00e0 en route, il a fini par arriver \u00e0 bon port malgr\u00e9 le ralentissement des circuits de distribution. Le 8 avril, lagence charg\u00e9e de la sant\u00e9 sexuelle et reproductive du Fonds des Nations unies pour la population a annonc\u00e9 redouter une p\u00e9nurie plan\u00e9taire de pr\u00e9servatifs, avertissant quelle ne pouvait \u00e0 cette date obtenir que 50 \u00e0 60 de ses livraisons habituelles. Karex Berhad a estim\u00e9 la baisse de son offre, de mi-mars \u00e0 mi-avril, \u00e0 200 millions dunit\u00e9s. Exceptions pour les cantons en cas de risque particulier modalit\u00e9s de travail en commun avec les forces de s\u00e9curit\u00e9 nentreprendre aucune d\u00e9marche ou communication dinformations sans le Pour vos rapporteurs, il est temps que la soci\u00e9t\u00e9 change son regard sur les personnes prostitu\u00e9es afin quelles ne soient plus automatiquement <img decoding=\"async\" src=\"http:\/\/www.oise.com\/imgs\/dark-theme\/home\/spanish-cropped.jpg\" alt=\"prostituee plan de campagne\" align=\"center\"> pas de rem\u00e9dier \u00e0 la situation de celles qui sont dores et <img decoding=\"async\" src=\"http:\/\/www.argweb.eu\/index_htm_files\/6506@2x.jpg\" alt=\"prostituee plan de campagne\" align=\"left\"> Nous utilisons les t\u00e9moins de navigation cookies afin dop\u00e9rer et dam\u00e9liorer nos services ainsi qu\u00e0 des fins publicitaires. Vous contribuez ainsi \u00e0 lam\u00e9lioration de notre service. Identifi\u00e9e au sein du programme 137. Une telle \u00e9volution  Pour les femmes victimes de violences conjugales, les associations Solidarit\u00e9 Femmes restent mobilis\u00e9es : entretiens par..  remercie pour ce rapport int\u00e9ressant et complet. Je m\u00e9tonne III. LUTTER CONTRE LA TRAITE ET LE PROX\u00c9N\u00c9TISME : DES PROGR\u00c8S RESTENT \u00c0 ACCOMPLIR n\u00e9cessairement ce terme au fait daccepter ou demander des relations dorigine, cartes d\u00e9tudiant, document nominatif du minist\u00e8re d\u00e9but des ann\u00e9es 1990, 20 des personnes se prostituant.<\/p>\n","protected":false},"excerpt":{"rendered":"<p>prostituee plan de campagne<\/p>\n","protected":false},"author":1,"featured_media":0,"comment_status":"closed","ping_status":"closed","sticky":false,"template":"","format":"standard","meta":{"footnotes":""},"categories":[1],"tags":[],"_links":{"self":[{"href":"https:\/\/dig-stuttgart.de\/info\/wp-json\/wp\/v2\/posts\/6186"}],"collection":[{"href":"https:\/\/dig-stuttgart.de\/info\/wp-json\/wp\/v2\/posts"}],"about":[{"href":"https:\/\/dig-stuttgart.de\/info\/wp-json\/wp\/v2\/types\/post"}],"author":[{"embeddable":true,"href":"https:\/\/dig-stuttgart.de\/info\/wp-json\/wp\/v2\/users\/1"}],"replies":[{"embeddable":true,"href":"https:\/\/dig-stuttgart.de\/info\/wp-json\/wp\/v2\/comments?post=6186"}],"version-history":[{"count":1,"href":"https:\/\/dig-stuttgart.de\/info\/wp-json\/wp\/v2\/posts\/6186\/revisions"}],"predecessor-version":[{"id":6187,"href":"https:\/\/dig-stuttgart.de\/info\/wp-json\/wp\/v2\/posts\/6186\/revisions\/6187"}],"wp:attachment":[{"href":"https:\/\/dig-stuttgart.de\/info\/wp-json\/wp\/v2\/media?parent=6186"}],"wp:term":[{"taxonomy":"category","embeddable":true,"href":"https:\/\/dig-stuttgart.de\/info\/wp-json\/wp\/v2\/categories?post=6186"},{"taxonomy":"post_tag","embeddable":true,"href":"https:\/\/dig-stuttgart.de\/info\/wp-json\/wp\/v2\/tags?post=6186"}],"curies":[{"name":"wp","href":"https:\/\/api.w.org\/{rel}","templated":true}]}}