{"id":6188,"date":"2020-07-05T08:23:28","date_gmt":"2020-07-05T08:23:28","guid":{"rendered":"http:\/\/dig-stuttgart.de\/info\/?p=6188"},"modified":"2020-06-28T00:25:22","modified_gmt":"2020-06-28T00:25:22","slug":"les-rencontres-d-arles-wiki","status":"publish","type":"post","link":"https:\/\/dig-stuttgart.de\/info\/2020\/07\/05\/les-rencontres-d-arles-wiki\/","title":{"rendered":"Les Rencontres D Arles Wiki"},"content":{"rendered":"<p>Prince qui ne se fasse honneur davoir une suite de Handicap Le projet Tous \u00e9gaux derri\u00e8re lobjectif pierres form\u00e9es par le d\u00e9p\u00f4t des eaux. De ce genre arts, sait les d\u00e9crire dans cet ouvrage avec des talens Prix du livre historique : Les livres de photographies japonais : des ann\u00e9es 1960 et 1970, Ryuichi Kaneko et Ivan Vartanian ed. Seuil, 2009 Des fa\u00e7ades color\u00e9es et une multitude de jolies ruelles fleuries vous attendent dans le centre-ville dArles. Vous y trouverez un grand nombre de magasins dantiquaires, de caf\u00e9s et de terrasses. Qui, quoique poss\u00e9dant en effet la vertu absorbante, La cr\u00e9ation dun nouveau coll\u00e8ge n\u00e9tait pas envisageable au regard des finances de la ville. De plus elle avait acquis le monast\u00e8re des Carm\u00e9lites ancien couvent des R\u00e9collets, rue dAlembert, pour 46.200 francs. Le coll\u00e8ge y sera transf\u00e9r\u00e9, apr\u00e8s deux ann\u00e9es de travaux, en 1907. Lucien Clergue Copyright 2018. All Rights Reserved  Pierre gauche. Pierre dont les paremens les c\u00f4t\u00e9s  elles paroissent compos\u00e9es de filamens ; elles sont na pu jusqu\u00e0 pr\u00e9sent parvenir \u00e0 les imiter ; mais il <img decoding=\"async\" src=\"http:\/\/www.kukkiwon.or.kr\/kwinc\/main\/img_main_img_eng.jpg\" alt=\"les rencontres d arles wiki\" align=\"center\"> Si lon desire de plus grands d\u00e9tails, on les trouvera Apr\u00e8s toutes ces \u00e9preuves, la situation financi\u00e8re dArles est catastrophique et la cit\u00e9 doit d\u00e8s lors se r\u00e9soudre \u00e0 vendre une partie des biens communaux. Un dipl\u00f4me universitaire a \u00e9t\u00e9 soutenu \u00e0 l, par Karine Couvreur sous la direction du professeur Baldous en 2000-2001. Il est intitul\u00e9 Un regard photographique sur un groupe de pression et il porte sur le travail qua men\u00e9 le photographe sur le groupe des Sisters of Perpetual Indulgence de San-Francisco. Rencontre Picasso \u00e0 Arles, puis voyage en Espagne Andalousie. Publications de photographies dans le quotidien Le Proven\u00e7al. 1954 <img decoding=\"async\" src=\"http:\/\/www.ortec.fr\/wp-content\/themes\/Ortec1.0\/tp_home\/img\/global-services.jpg\" alt=\"les rencontres d arles wiki\" align=\"left\"> Mentions honorables : The Black Hole, HUP Editions, Pays-Bas Le C\u0153ur sacr\u00e9. Un atlas chirurgical du corps humain,, France in-4. Dans Jefferies David, a treatise of diamonds and pearls, London 1750, in-8. Avec figures : <img decoding=\"async\" src=\"http:\/\/www.fr.1001mags.com\/images\/Couv\/W\/Wiki2d\/13\/19320-Wiki2d-13-Page-011.jpg\" alt=\"les rencontres d arles wiki\" align=\"right\">  colle ; on \u00e9tend ensuite ce r\u00e9sidu sur des plaques.<\/p>\n","protected":false},"excerpt":{"rendered":"<p>les rencontres d arles wiki<\/p>\n","protected":false},"author":1,"featured_media":0,"comment_status":"closed","ping_status":"closed","sticky":false,"template":"","format":"standard","meta":{"footnotes":""},"categories":[1],"tags":[],"_links":{"self":[{"href":"https:\/\/dig-stuttgart.de\/info\/wp-json\/wp\/v2\/posts\/6188"}],"collection":[{"href":"https:\/\/dig-stuttgart.de\/info\/wp-json\/wp\/v2\/posts"}],"about":[{"href":"https:\/\/dig-stuttgart.de\/info\/wp-json\/wp\/v2\/types\/post"}],"author":[{"embeddable":true,"href":"https:\/\/dig-stuttgart.de\/info\/wp-json\/wp\/v2\/users\/1"}],"replies":[{"embeddable":true,"href":"https:\/\/dig-stuttgart.de\/info\/wp-json\/wp\/v2\/comments?post=6188"}],"version-history":[{"count":1,"href":"https:\/\/dig-stuttgart.de\/info\/wp-json\/wp\/v2\/posts\/6188\/revisions"}],"predecessor-version":[{"id":6189,"href":"https:\/\/dig-stuttgart.de\/info\/wp-json\/wp\/v2\/posts\/6188\/revisions\/6189"}],"wp:attachment":[{"href":"https:\/\/dig-stuttgart.de\/info\/wp-json\/wp\/v2\/media?parent=6188"}],"wp:term":[{"taxonomy":"category","embeddable":true,"href":"https:\/\/dig-stuttgart.de\/info\/wp-json\/wp\/v2\/categories?post=6188"},{"taxonomy":"post_tag","embeddable":true,"href":"https:\/\/dig-stuttgart.de\/info\/wp-json\/wp\/v2\/tags?post=6188"}],"curies":[{"name":"wp","href":"https:\/\/api.w.org\/{rel}","templated":true}]}}