{"id":6202,"date":"2020-07-05T01:33:30","date_gmt":"2020-07-05T01:33:30","guid":{"rendered":"http:\/\/dig-stuttgart.de\/info\/?p=6202"},"modified":"2020-06-28T00:32:44","modified_gmt":"2020-06-28T00:32:44","slug":"rencontres-de-bamako-2011-catalogue","status":"publish","type":"post","link":"https:\/\/dig-stuttgart.de\/info\/2020\/07\/05\/rencontres-de-bamako-2011-catalogue\/","title":{"rendered":"Rencontres De Bamako 2011 Catalogue"},"content":{"rendered":"<p>En cliquant sur Continuer \u00e0 lire ici et en vous assurant que vous \u00eates la seule personne \u00e0 consulter Le Monde avec ce compte.  Jo\u00ebl Andrianomearisoa, Le Labyrinthe des Passions detail, Audemars Piguet-Arco Prize 2016, courtesy Sabrina Amrani Gallery You have reached your viewing limit for this book. La maison d\u00e9dition Karthala a \u00e9t\u00e9 fond\u00e9e en mai 1980, \u00e0 Paris, avec pour objectif la publication et la diffusion de textes sur les questions internationales en rapport avec les pays du Sud. Vingt ans apr\u00e8s les ind\u00e9pendances des ann\u00e9es 1950 et 1960, le besoin se faisait sentir de nouvelles approches politiques de ce que lon appelait alors le Tiers monde, et en particulier de lAfrique. The documentary work of Robert Capa as a political weapon serving the funding myths of the State of Israel, The Left Conference Photography and Film Criticism, Lisbonne, 9 novembre 2018 exposition Sur la Mauvaise pente, Galerie De Roussan Paris 20e dans le cadre de Nouvelles Vagues Palais de Tokyo j Haiku estivo alla moda di Siena, Poesie. Primo di Poesia A. Sparpagli, Universit\u00e0 per Stranieri di Siena, Ao\u00fbt 2012, 19\u00e8me \u00e9dition, p.63 en italien You are using Internet Explorer 6.0 or older to view the web. 2010 Hybrid objects, r\u00e9sidence crois\u00e9e, Belgrade et Litjia Slov\u00e9nie <img decoding=\"async\" src=\"http:\/\/3.bp.blogspot.com\/-nCNyVbThnfE\/UHQEmliBbMI\/AAAAAAAAFsI\/pCR1p_RBNWU\/s320\/Diop+3.jpg\" alt=\"rencontres de bamako 2011 catalogue\" align=\"right\">, sur Rencontres de Bamako consult\u00e9 le 13 novembre 2011 CARTHAGE CONTEMPORARY, Mus\u00e9e de Carthage, Tunisie Cr\u00e9\u00e9es en 1994, les Rencontres de Bamako sont aujourdhui la principale manifestation artistique dans le domaine de la photographie sur le continent africain. <img decoding=\"async\" src=\"http:\/\/www.rogercomps.gq\/media\/catalog\/product\/cache\/5\/small_image\/400x\/9df78eab33525d08d6e5fb8d27136e95\/h\/a\/hart_lou_garderobenhaken_hellgrau_gelb_jpg.jpg_4.jpg\" alt=\"rencontres de bamako 2011 catalogue\" align=\"center\"> Rencontres De Bamako 2011 Catalogue eskiepublishing.com PR\u00c9CIPIT\u00c9S, Galerie Les filles du calvaire, Paris, France YOUNGER THAN JESUS ARTIST DIRECTORY NEW MUSEUM PHAIDON Lappel \u00e0 candidatures pour la participation des photographes et artistes vid\u00e9o \u00e0 lexposition panafricaine de la 12\u00e8me \u00e9dition des Rencontres de Bamako est ouvert du 20 mars au 1 mai 2019. Pierre angulaire de son \u0153uvre, le noir est omnipr\u00e9sent dans sa d\u00e9marche.  Rencontres de Bamako, 12e \u00e9dition-Courants de conscience L\u00c0 O\u00d9 COMMENCE LE JOUR, LAM, Villeneuve dAsq, France \u00e0 venir <img decoding=\"async\" src=\"http:\/\/cdn.gamingcloud.com\/img\/general\/games\/200x150\/25210.jpg\" alt=\"rencontres de bamako 2011 catalogue\" align=\"right\"> Prix du jury, qui est remis au photographe coup de c\u0153ur par lInstitut fran\u00e7ais dotation : 2000. Les Rencontres de Bamako, biennale africaine de la photographie initi\u00c3e en 1994, premi\u00c3re et principale manifestation consacr\u00c3e \u00c3 la photographie africaine, sont d\u00c3sormais une r\u00c3f\u00c3rence dans le paysage des rendez-vous de lart contemporain. 0621146952 Linlassable Galerie Paris France Photographies repr\u00e9sent\u00e9es dans les collections de nombreuses institutions comme  Politologue de formation, B\u00e9atrice Steiner a soutenu sa th\u00e8se de doctorat en 2009 \u00e0 lInstitut de hautes \u00e9tudes internationales et du d\u00e9veloppement \u00e0 Gen\u00e8ve. Ses principaux domaines de recherche sont la diffusion des TIC en Afrique de lOuest et la mise en \u0153uvre des politiques sociales en Suisse. Charg\u00e9e de cours et de recherche \u00e0 lUniversit\u00e9 de Lausanne, elle m\u00e8ne actuellement une \u00e9tude sur les fins de carri\u00e8re professionnelle.<\/p>\n","protected":false},"excerpt":{"rendered":"<p>rencontres de bamako 2011 catalogue<\/p>\n","protected":false},"author":1,"featured_media":0,"comment_status":"closed","ping_status":"closed","sticky":false,"template":"","format":"standard","meta":{"footnotes":""},"categories":[1],"tags":[],"_links":{"self":[{"href":"https:\/\/dig-stuttgart.de\/info\/wp-json\/wp\/v2\/posts\/6202"}],"collection":[{"href":"https:\/\/dig-stuttgart.de\/info\/wp-json\/wp\/v2\/posts"}],"about":[{"href":"https:\/\/dig-stuttgart.de\/info\/wp-json\/wp\/v2\/types\/post"}],"author":[{"embeddable":true,"href":"https:\/\/dig-stuttgart.de\/info\/wp-json\/wp\/v2\/users\/1"}],"replies":[{"embeddable":true,"href":"https:\/\/dig-stuttgart.de\/info\/wp-json\/wp\/v2\/comments?post=6202"}],"version-history":[{"count":1,"href":"https:\/\/dig-stuttgart.de\/info\/wp-json\/wp\/v2\/posts\/6202\/revisions"}],"predecessor-version":[{"id":6203,"href":"https:\/\/dig-stuttgart.de\/info\/wp-json\/wp\/v2\/posts\/6202\/revisions\/6203"}],"wp:attachment":[{"href":"https:\/\/dig-stuttgart.de\/info\/wp-json\/wp\/v2\/media?parent=6202"}],"wp:term":[{"taxonomy":"category","embeddable":true,"href":"https:\/\/dig-stuttgart.de\/info\/wp-json\/wp\/v2\/categories?post=6202"},{"taxonomy":"post_tag","embeddable":true,"href":"https:\/\/dig-stuttgart.de\/info\/wp-json\/wp\/v2\/tags?post=6202"}],"curies":[{"name":"wp","href":"https:\/\/api.w.org\/{rel}","templated":true}]}}