{"id":6208,"date":"2020-07-05T06:03:14","date_gmt":"2020-07-05T06:03:14","guid":{"rendered":"http:\/\/dig-stuttgart.de\/info\/?p=6208"},"modified":"2020-06-28T00:34:37","modified_gmt":"2020-06-28T00:34:37","slug":"rencontres-chimie-sante-environnementale","status":"publish","type":"post","link":"https:\/\/dig-stuttgart.de\/info\/2020\/07\/05\/rencontres-chimie-sante-environnementale\/","title":{"rendered":"Rencontres Chimie Sant\u00e9 Environnementale"},"content":{"rendered":"<p><img decoding=\"async\" src=\"http:\/\/www.encyclopedie-environnement.org\/app\/themes\/encyclopedie-environnement\/dist\/images\/Sante.jpg\" alt=\"rencontres chimie sant\u00e9 environnementale\" align=\"left\"> Le congr\u00e8s EPIMAR est le premier congr\u00e8s international d\u00e9di\u00e9 \u00e0 l\u00e9pig\u00e9n\u00e9tique en biologie marine. Ce congr\u00e8s vise \u00e0 offrir des opportunit\u00e9s dinteraction et d\u00e9change \u00e0 la communaut\u00e9 du syst\u00e8me marin qui sint\u00e9resse \u00e0 l\u00e9pig\u00e9n\u00e9tique. Les deux jours de pr\u00e9sentations et d\u00e9changes sarticuleront autour de 3 th\u00e8mes centraux : i l\u00e9pig\u00e9n\u00e9tique environnementale, qui \u00e9tudie les modifications \u00e9pig\u00e9n\u00e9tiques adaptatives ou non adaptatives sur une ou plusieurs g\u00e9n\u00e9rations, initi\u00e9es en r\u00e9ponse \u00e0 une modification environnementale 12 journ\u00e9e d\u00e9cologie \u00e9volution changement global, 12 journ\u00e9e d\u00e9cotoxicologie ; ii l\u00e9pig\u00e9n\u00e9tique d\u00e9veloppementale, qui se concentre sur les changements \u00e9pig\u00e9n\u00e9tiques impliqu\u00e9s dans la r\u00e9gulation fine de lexpression g\u00e9nique impliqu\u00e9e dans la diff\u00e9renciation embryonnaire et cellulaire chez les esp\u00e8ces marines 12 journ\u00e9e ; iii \u00e9pig\u00e9n\u00e9tique en aquaculture 12 journ\u00e9e. Olivier Boucher a expliqu\u00e9 dans son expos\u00e9 que si le succ\u00e8s de la COP21 tenait \u00e0 la pr\u00e9sentation, par chaque \u00c9tat, dengagements quantitatifs de r\u00e9duction des \u00e9missions de gaz \u00e0 effet de serre, nous n\u00e9tions pour autant quau d\u00e9but du chemin dans la mesure o\u00f9, tout dabord, laccord doit \u00eatre ratifi\u00e9 pour que ces engagements soient mis en application le seuil dentr\u00e9e en vigueur de laccord de Paris est maintenant franchi ; et quensuite, ces engagements doivent \u00e9voluer si lon veut contenir l\u00e9l\u00e9vation de la temp\u00e9rature moyenne de la plan\u00e8te nettement en dessous de 2C par rapport aux niveaux pr\u00e9industriels et poursuivre laction men\u00e9e pour limiter l\u00e9l\u00e9vation des temp\u00e9ratures \u00e0 1,5C par rapport aux niveaux pr\u00e9industriels. Une clause de r\u00e9vision est pr\u00e9vue dans ce sens tous les cinq ans. La revue contribue \u00e0 lam\u00e9lioration de la qualit\u00e9 et la s\u00e9curit\u00e9 des soins dispens\u00e9s aux patients et \u00e0 loptimisation des dispositifs p\u00e9dagogiques. Jeudi 16 Novembre 2017 au Samedi 18 Novembre 2017 Le parcours d\u00e9bouche sur une des quatre Dominantes dApprofondissement du cursus ding\u00e9nieur inscrites dans le Domaine Sant\u00e9 NUTRI, METATOX, SSMAQ, BIOTECH itin\u00e9raire Sant\u00e9, ou sur une des quelques sp\u00e9cialit\u00e9s de Master 2 compatibles apr\u00e8s examen.  Savoir identifier les centresr\u00e9actifs nucl\u00e9ophiles\u00e9lectrophiles Voil\u00e0 lobjectif de la Journ\u00e9e du 11 juin 2020 intitul\u00e9e Conception et organisation dun cabinet dentaire, dirig\u00e9e par Marc Roch\u00e9. CM et TD :-Notion d\u00e9cosyst\u00e8me. Mesures de la diversit\u00e9 des peuplements. Successions \u00e9cologiques : formation, \u00e9volution et caract\u00e9ristiques des \u00e9cosyst\u00e8mes forestiers depuis les esp\u00e8ces pionni\u00e8res jusquau stade climax. Avec Cl\u00e9ment MOREAU, Directeur g\u00e9n\u00e9ral et cofondateur de Sculpteo et Georges TAILLANDIER, Pr\u00e9sident de lAssociation Fran\u00e7aise de Prototypage Rapide et de Fabrication Additive AFPR. <img decoding=\"async\" src=\"http:\/\/ekladata.com\/nwPFxZVCuYKl8V1WrK7b7LCYfR8.jpg\" alt=\"rencontres chimie sant\u00e9 environnementale\" align=\"center\"> -Appel \u00e0 amateurs.. 11\u00e8me saison du suivi de la flore de France! G\u00e9o-ing\u00e9nierie : la technologie peut-elle changer le climat? Le Bulletin du Cancer est indiscutablement la publication francophone de r\u00e9f\u00e9rence de langue fran\u00e7aise dans le domaine de la canc\u00e9rologie. Organe officiel de la Soci\u00e9t\u00e9 Fran\u00e7aise du Cancer, cette revue couvre la totalit\u00e9 de linformation disponible, quelle soit sous la forme darticles originaux, de synth\u00e8ses, de cas cliniques, de lettres et dactualit\u00e9s. Une tribune libre est \u00e9galement disponible. Elle inclue des disciplines diverses comme lonco-h\u00e9matologie et les tumeurs solides, loncologie m\u00e9dicale, la pharmacologie, l\u00e9pid\u00e9miologie, la biologie et la recherche fondamentale en canc\u00e9rologie. Le Bulletin du Cancer propose \u00e9galement une approche clinique et th\u00e9rapeutique de haute tenue scientifique \u00e0 la pointe des innovations. Une actualisation des connaissances est ainsi r\u00e9guli\u00e8rement possible. Figure 2. Deux fili\u00e8res extr\u00eames pour la production deau potable \u00e0 partir deau de surface, de tr\u00e8s bonne qualit\u00e9 Eaux peu turbides dans figure et de qualit\u00e9 moyenne ou m\u00e9diocre Eaux turbides Source : Phototh\u00e8que Veolia Water Technologies Les \u00e9tapes d affinage ont longtemps consist\u00e9 en une filtration sur charbon actif solide sous formes de granul\u00e9s ou de poudre, issus de la calcination de mat\u00e9riaux carbon\u00e9s bois, houille, noix de coco,, pr\u00e9sentant des propri\u00e9t\u00e9s dadsorption importantes notamment vis \u00e0 vis des micropolluants organiques pesticides par exemple. En grains souvent pr\u00e9c\u00e9d\u00e9e dune ozonation. Bien qu\u00e9galement utilis\u00e9e en eau souterraine, notamment lors dune d\u00e9nitrification ou de l\u00e9limination de pesticides, ce traitement daffinage consiste \u00e0 ajouter en fin de fili\u00e8re classique de traitement deau, un ou plusieurs proc\u00e9d\u00e9s suppl\u00e9mentaires qui vont affiner la qualit\u00e9 de leau trait\u00e9e sur certains param\u00e8tres chimiques mati\u00e8re organique naturelles, micropolluants, et microbiologiques virus, parasites,.est plut\u00f4t r\u00e9serv\u00e9 aux eaux de surface. Les unit\u00e9s traditionnelles de traitement deau de surface se sont progressivement modifi\u00e9es ces derni\u00e8res ann\u00e9es, \u00e0 ce niveau, par linsertion de nouvelles technologies couplant linjection de charbon actif en poudre CAP et un proc\u00e9d\u00e9 de s\u00e9paration liquidesolide ultrafiltration ou d\u00e9canteur performant ou encore par la nanofiltration, voire losmose inverse basse pression 4. La r\u00e9glementation et les contr\u00f4les sont-ils \u00e0 la hauteur? Quels sont les risques? Jour 1 02072019 : Auditorium Laroque-Minist\u00e8re de la Sant\u00e9 et des Solidarit\u00e9s-14, avenue Duquesne Paris 7e-Jour 2 03072019 : Auditorium Marceau-Maison de lArtisanat-12 avenue Marceau-Paris 8e Les 3 et 4 octobre, Conservatoire du littoral : Colloque Bilan de 10 ans de restauration \u00e9cologique en Camargue AFPIC-Association pour la Formation Professionnelle dans les Industries Chimiques <img decoding=\"async\" src=\"http:\/\/www.mediachimie.org\/sites\/default\/files\/kcfinder\/images\/M-UN-infographie-salaire.jpg\" alt=\"rencontres chimie sant\u00e9 environnementale\" align=\"center\"> outils de caract\u00e9risation performants et adapt\u00e9s \u00e0 une question donn\u00e9e. Dautre part cette unit\u00e9 denseignement pr\u00e9pare les \u00e9tudiants \u00e0 leur int\u00e9gration en Master secteur de la chimie et de lenvironnement et de la science des mat\u00e9riaux. Le Bulletin dinformation toxicologique BIT est publi\u00e9 gratuitement trois \u00e0 quatre fois par ann\u00e9e depuis 1980. Il est le seul bulletin qui traite exclusivement de la toxicologie clinique sur le territoire qu\u00e9b\u00e9cois. Le BIT est une publication de l\u00e9quipe de toxicologie clinique de lInstitut national de sant\u00e9 publique du Qu\u00e9bec INSPQ. Il sadresse aux professionnels de la sant\u00e9, particuli\u00e8rement aux m\u00e9decins et aux pharmaciens, ainsi quau personnel infirmier de lurgence et des soins intensifs. Avec Philippe Lognonn\u00e9, Responsable Scientifique de lexp\u00e9rience SEIS, mission InSight-NASA, G\u00e9ophysicien \u00e0 lInstitut de Physique du Globe de Paris et Professeur \u00e0 lUniversit\u00e9 Paris Diderot et Richard Heidmann, Ing\u00e9nieur en propulsion spatiale et Fondateur et vice-pr\u00e9sident de lAssociation Plan\u00e8te Mars  BOURAOUI F, G. VACHAUD, L.Z.X. LI, H. LE TREUT 1999 Evaluation of the impact of climate changes on water storage and groundwater recharge at the watershed scale, Climate Dynamics, 15, p 153-161.<\/p>\n","protected":false},"excerpt":{"rendered":"<p>rencontres chimie sant\u00e9 environnementale<\/p>\n","protected":false},"author":1,"featured_media":0,"comment_status":"closed","ping_status":"closed","sticky":false,"template":"","format":"standard","meta":{"footnotes":""},"categories":[1],"tags":[],"_links":{"self":[{"href":"https:\/\/dig-stuttgart.de\/info\/wp-json\/wp\/v2\/posts\/6208"}],"collection":[{"href":"https:\/\/dig-stuttgart.de\/info\/wp-json\/wp\/v2\/posts"}],"about":[{"href":"https:\/\/dig-stuttgart.de\/info\/wp-json\/wp\/v2\/types\/post"}],"author":[{"embeddable":true,"href":"https:\/\/dig-stuttgart.de\/info\/wp-json\/wp\/v2\/users\/1"}],"replies":[{"embeddable":true,"href":"https:\/\/dig-stuttgart.de\/info\/wp-json\/wp\/v2\/comments?post=6208"}],"version-history":[{"count":1,"href":"https:\/\/dig-stuttgart.de\/info\/wp-json\/wp\/v2\/posts\/6208\/revisions"}],"predecessor-version":[{"id":6209,"href":"https:\/\/dig-stuttgart.de\/info\/wp-json\/wp\/v2\/posts\/6208\/revisions\/6209"}],"wp:attachment":[{"href":"https:\/\/dig-stuttgart.de\/info\/wp-json\/wp\/v2\/media?parent=6208"}],"wp:term":[{"taxonomy":"category","embeddable":true,"href":"https:\/\/dig-stuttgart.de\/info\/wp-json\/wp\/v2\/categories?post=6208"},{"taxonomy":"post_tag","embeddable":true,"href":"https:\/\/dig-stuttgart.de\/info\/wp-json\/wp\/v2\/tags?post=6208"}],"curies":[{"name":"wp","href":"https:\/\/api.w.org\/{rel}","templated":true}]}}