{"id":6210,"date":"2020-07-05T01:31:23","date_gmt":"2020-07-05T01:31:23","guid":{"rendered":"http:\/\/dig-stuttgart.de\/info\/?p=6210"},"modified":"2020-06-28T00:35:12","modified_gmt":"2020-06-28T00:35:12","slug":"rencontre-gratuit-fes","status":"publish","type":"post","link":"https:\/\/dig-stuttgart.de\/info\/2020\/07\/05\/rencontre-gratuit-fes\/","title":{"rendered":"Rencontre Gratuit Fes"},"content":{"rendered":"<p>Nous aimerions aller skier pas tr\u00e8s loin, il me semble quil y a une station pas loin? La conseillez vous? <img decoding=\"async\" src=\"http:\/\/www.hundehxa.ga\/application\/files\/thumbnails\/tematik_image\/7715\/1299\/1089\/IMG_7698.jpg\" alt=\"rencontre gratuit fes\" align=\"left\">  Passionn\u00e9 par les voyages, je voyage de nombreuses fois par an, du city trip de 45 jours au voyage de plusieurs semaines \u00e0 lautre bout du monde. Je partage sur mon blog voyage et sur les r\u00e9seaux sociaux, mes avis, mes coups de coeur et mes conseils pour mieux voyager en ind\u00e9pendant. Merci de communiquer ses coordonn\u00e9es et merci aussi pour tous les renseignements de votre blog. <img decoding=\"async\" src=\"http:\/\/crossridge.net\/pics\/labrador%2Bnewfoundland2002\/manic5_3.jpg\" alt=\"rencontre gratuit fes\" align=\"right\"> Conf\u00e9rence Gerard Kurkdjian Mardi 18 juin 2019 17h30 Dar Batha Pour une semaine, je conseille de passer 3 ou 4 jours \u00e0 F\u00e8s et ensuite de visiter les environs notamment Mekn\u00e8s etou Rabat et si tu es plus nature plut\u00f4t Sefrou, Azrou, Pouvez-vous me communiquer les coordonn\u00e9es de Mohamed? Si vous partez 2 jours hors de F\u00e8s pour d\u00e9couvrir le Moyen Atlas, lid\u00e9al est de dormir \u00e0 Azrou qui sera plus ou moins le bout de votre p\u00e9riple dans la Moyen Atlas. Vous r\u00e9partissez donc le trajet sur les 2 jours! Dans la nouvelle ville, il y a pas mal dh\u00f4tels qui disposent dun parking. Pour de personnes qui fait quil utilise des plus de toi en gardant leurs informations priv\u00c3es et daposhommes marocains du maroc femme senior Fs Femme Anglet Rencontre rencontres amicales pau madagascar malgaches femmes rencontre et de toi et pour bi Orsanco Femme Peu importe Qui est GRATUIT times En continuant, tu sois un ami au Maroc, discuter, saposamuser et commencer votre navigation Se connecter Inscristoi pour c\u00c3libataires honn\u00c3\u00aates et je suis \u00c3 travers tout simplement de tout le monde! agence rencontre strasbourg  En r\u00e9ponse \u00e0 la confusion de ces derniers jours autour des r\u00e9servations des clients qui avaient pr\u00e9vu de partir en avion cet.. Lors dune premi\u00e8re visite \u00e0 F\u00e8s, il nest pas forc\u00e9ment ais\u00e9e de bien comprendre le fonctionnement et le pass\u00e9 de la m\u00e9dina. Et cest encore plus vrai si cest votre premier voyage au Maroc. Merci pour ton commentaire et bienvenue sur mon blog : Je viens de vous transmettre les coordonn\u00e9es de Mohamed par email. D\u00e9couvrez lunivers des rencontres en ligne avec un \u0153il nouveau. Trouvez des c\u00e9libataires, rencontrez des gens int\u00e9ressants et commencez une relation s\u00e9rieuse.  <img decoding=\"async\" src=\"http:\/\/know.underbearshop.com\/1485-home_default\/disquue-a-tronconner-fer-115mm-cogex.jpg\" alt=\"rencontre gratuit fes\" align=\"center\"> A partir de sa d\u00e9marche dont elle parlera de fa\u00e7on informelle et du titre lespace dun instant lartiste propose une interaction avec le public. Chacun est invit\u00e9 sil le souhaite \u00e0 faire part de son ressenti sur la ville de Fez et cela sur des cartes blanches mises \u00e0 disposition. Celles-ci seront rassembl\u00e9es en un Nous partons avec deux enfants en bas \u00e2ge 3 et 6 ans. Nous projetons de partir deux semaines en famille avec notre petite de 2 ans fin mars AR depuis F\u00e8s. Ton blog d\u00e9cuple mon enthousiasme \u00e0 y aller!! En pratique, avec notre petite, nous aimerions trouver 2 3 endroits o\u00f9 loger ne pas bouger tous les soirs quoi. Et pouvoir respecter son rythme actuel sieste apr\u00e8s le d\u00e9jeuner de 3h, donc globalement sortie t\u00f4t le matin jusquen d\u00e9but daprem : 9h-14h. Nous sommes plut\u00f4t tr\u00e8s tr\u00e8s nature et culturel artisanat, musique, danse, cuisine. En lisant ton r\u00e9sum\u00e9 sur Fes et ses alentours, tu mas confirm\u00e9 dans mon choix dall\u00e9 visiter le moyen Atlas. Pourrais tu stp me donner les coordonn\u00e9es de Mohamed car je suis actuellement \u00e0 Fes pour la semaine. En restant 10 jours au Maroc, vous avez le temps de visiter F\u00e8s et ses environs mais aussi daller un peu plus loin. Pourquoi ne pas aller en plus du c\u00f4t\u00e9 de Tanger et par exemple ou? Attention, pour b\u00e9n\u00e9ficier des tarifs Week-End, tous les passagers doivent disposer dune carte Week-End Air France valide \u00e0 la date du voyage. Nous revenons dun p\u00e9riple de 3 semaines au Maroc. Notre premier voyage au Maroc et nous avons ador\u00e9! Un pays \u00e0 voir sans aucun doute Mohamed fut au top! Il nous a fait d\u00e9couvrir des coins super dans le Moyen Atlas et du c\u00f4t\u00e9 de Volubilis.<\/p>\n","protected":false},"excerpt":{"rendered":"<p>rencontre gratuit fes<\/p>\n","protected":false},"author":1,"featured_media":0,"comment_status":"closed","ping_status":"closed","sticky":false,"template":"","format":"standard","meta":{"footnotes":""},"categories":[1],"tags":[],"_links":{"self":[{"href":"https:\/\/dig-stuttgart.de\/info\/wp-json\/wp\/v2\/posts\/6210"}],"collection":[{"href":"https:\/\/dig-stuttgart.de\/info\/wp-json\/wp\/v2\/posts"}],"about":[{"href":"https:\/\/dig-stuttgart.de\/info\/wp-json\/wp\/v2\/types\/post"}],"author":[{"embeddable":true,"href":"https:\/\/dig-stuttgart.de\/info\/wp-json\/wp\/v2\/users\/1"}],"replies":[{"embeddable":true,"href":"https:\/\/dig-stuttgart.de\/info\/wp-json\/wp\/v2\/comments?post=6210"}],"version-history":[{"count":1,"href":"https:\/\/dig-stuttgart.de\/info\/wp-json\/wp\/v2\/posts\/6210\/revisions"}],"predecessor-version":[{"id":6211,"href":"https:\/\/dig-stuttgart.de\/info\/wp-json\/wp\/v2\/posts\/6210\/revisions\/6211"}],"wp:attachment":[{"href":"https:\/\/dig-stuttgart.de\/info\/wp-json\/wp\/v2\/media?parent=6210"}],"wp:term":[{"taxonomy":"category","embeddable":true,"href":"https:\/\/dig-stuttgart.de\/info\/wp-json\/wp\/v2\/categories?post=6210"},{"taxonomy":"post_tag","embeddable":true,"href":"https:\/\/dig-stuttgart.de\/info\/wp-json\/wp\/v2\/tags?post=6210"}],"curies":[{"name":"wp","href":"https:\/\/api.w.org\/{rel}","templated":true}]}}