{"id":6230,"date":"2020-07-05T14:18:44","date_gmt":"2020-07-05T14:18:44","guid":{"rendered":"http:\/\/dig-stuttgart.de\/info\/?p=6230"},"modified":"2020-06-28T00:46:05","modified_gmt":"2020-06-28T00:46:05","slug":"rencontre-hollande-sassou-nguesso","status":"publish","type":"post","link":"https:\/\/dig-stuttgart.de\/info\/2020\/07\/05\/rencontre-hollande-sassou-nguesso\/","title":{"rendered":"Rencontre Hollande Sassou Nguesso"},"content":{"rendered":"<p>Mon champion, tu mas toujours dit que Nguila navait pas le droit de nous quitter au moment o\u00f9 il est parti. Aujourdhui, je pense que tu navais pas le droit de partir \u00e0 ton tour. <img decoding=\"async\" src=\"http:\/\/scd.rfi.fr\/sites\/filesrfi\/imagecache\/rfi_large_600_338\/sites\/images.rfi.fr\/files\/aef_image\/cour_appel_nguesso_nguema_odimba432_1_0.jpg\" alt=\"rencontre hollande sassou nguesso\" align=\"center\"> Le but, comme vous le dites, cest quand m\u00eame la protection des civils. Quand les civils ne sont pas prot\u00e9g\u00e9s, toutes les parties concern\u00e9es doivent faire le constat quil y a d\u00e9faillance en derni\u00e8re analyse, le principal obstacle aux op\u00e9rations offensives au cours de la derni\u00e8re ann\u00e9e a \u00e9t\u00e9 labsence de volont\u00e9 daller de lavant de la part du gouvernement, alors que nous avions une bonne occasion la meilleure possibilit\u00e9 depuis des ann\u00e9es! de combattre le FDLR, tout particuli\u00e8rement, dans la foul\u00e9e de la victoire contre le M-23. Au lieu de cela, nous avons vu lADF-Nalu gagner en capacit\u00e9 offensive de mani\u00e8re tr\u00e8s importante et tout \u00e0 fait inqui\u00e9tante. Constitutionnellement, son mandat se termine le 19 d\u00e9cembre. Sil ny a pas d\u00e9lections ou une fa\u00e7on de sortir de la situation actuelle, dici l\u00e0, il sagira dune tr\u00e8s grave crise constitutionnelle. Nous savons, par suite de ce qui sest pass\u00e9 au Burundi, notamment, que cela peut mener \u00e0 une grande instabilit\u00e9. Nous sommes port\u00e9s \u00e0 croire que nous sommes face, \u00e0 plusieurs \u00e9gards, \u00e0 une crise mont\u00e9e de toutes pi\u00e8ces parce que le pays sest attel\u00e9 \u00e0 la t\u00e2che, depuis deux ans, de jeter les bases de la d\u00e9mocratie ; il sest dot\u00e9 dune constitution. Alors rien nemp\u00eache la RDC de tenir ce qui pourrait \u00eatre une transition pacifique et historique. Le principal obstacle est le gouvernement, qui se refuse \u00e0 faire le n\u00e9cessaire pour aller en ce sens. Tout porte \u00e0 croire que ce glissement nest pas fortuit, mais un choix d\u00e9lib\u00e9r\u00e9, une strat\u00e9gie \u00e0 tr\u00e8s haut risque, dans un pays qui a pourtant d\u00e9j\u00e0 beaucoup fait pour passer gr\u00e2ce aux efforts du pr\u00e9sident Kabila de la guerre civile, la plus sanglante de l\u00e8re moderne, \u00e0 la stabilit\u00e9. Mais tout cela pourrait mis en p\u00e9ril, mis en p\u00e9ril pour des raisons tout \u00e0 fait artificielles Ce quon a vu, dans le cas du pr\u00e9sident Nkurunziza, cest que, lorsquun individu, peu importe sa popularit\u00e9, enfreint la loi pour rester au pouvoir, il met en p\u00e9ril la stabilit\u00e9 et le progr\u00e8s de son pays, auxquels, \u00e0 mon avis, il tient profond\u00e9ment. Nous devrions d\u00e9j\u00e0 \u00eatre en train de parler du Burundi comme dun exemple de r\u00e9conciliation post-conflit. Nous devrions \u00eatre en train de parler dinvestissements et non pas de sanctions. Il nen tenait qu\u00e0 ce dirigeant, qu\u00e0 ce gouvernement, pour \u00e9crire un nouveau chapitre dans lhistoire du Burundi. Cest la m\u00eame chose en RDC. Nous pourrions \u00eatre en train de parler dune \u00e9tape historique pour un pays qui a endur\u00e9 de grandes souffrances, parmi les plus grandes de notre \u00e9poque. Le pr\u00e9sident Kabila a, entre ses mains, plus que quiconque, le pouvoir de faire de cette transition une r\u00e9alit\u00e9 Nous avons maintes fois expliqu\u00e9 que nous \u00e9tions pr\u00eats \u00e0 adopter des sanctions \u00e9conomiques semblables \u00e0 celles visant le Burundi, notamment, pas uniquement en raison de la r\u00e9pression syst\u00e9matique, mais aussi en raison des atteintes aux institutions d\u00e9mocratiques. RFI, Michel Arseneault : Croyez-vous que le processus \u00e9lectoral sera cr\u00e9dible? Il peut l\u00eatre, absolument. La RDC a d\u00e9j\u00e0 organis\u00e9 deux scrutins, de qualit\u00e9 certes in\u00e9gale, mais elle y est arriv\u00e9e! Nous voulons croire que des \u00e9lections peuvent encore avoir lieu en novembre. La question est de savoir si la volont\u00e9 politique de les organiser, et de les organiser de fa\u00e7on cr\u00e9dible, existe. Nous ne sommes quand m\u00eame pas en train de parler dune d\u00e9mocratie balbutiante! La soci\u00e9t\u00e9 civile est audible, comme lest lopposition. Et jestime que de nombreux dirigeants de la majorit\u00e9 pr\u00e9sidentielle pourraient faire de bons candidats. Je suis impressionn\u00e9 par la qualit\u00e9 de mes interlocuteurs et des institutions dans tous les domaines, bien que je craigne davoir, moi, plus confiance en lavenir de la RDC que ses propres dirigeants. Nous ne nous faisons pas dillusion Mais nous voulons dire clairement quil appartient au pr\u00e9sident et aux dirigeants de ce pays de d\u00e9terminer si cette histoire conna\u00eetra un d\u00e9nouement heureux. Gouvernance, bien commun et transition d\u00e9mocratique en Afrique n40, non disponible sur internet, Il y a cinq ans et trois mois pile, le 8 avril 2013 pr\u00e9cis\u00e9ment, Sassou-Nguesso, impatient et presque aux abois, \u00e9tait enfin re\u00e7u par Fran\u00e7ois Hollande \u00e0 lElys\u00e9e. Quelques heures apr\u00e8s, en milieu dapr\u00e8s-midi, il accordait une interview \u00e0 France 24, aupr\u00e8s de feu Jean-Karim Fall o\u00f9, sans d\u00e9tour et scrupules, il faisait la d\u00e9monstration que, pour lui, tous les moyens sont bons pour parvenir \u00e0 ses fins, y compris le trafic dinfluence, en d\u00e9clarant clairement quil avait re-pos\u00e9 son probl\u00e8me de biens mal acquis au pr\u00e9sident Hollande, apr\u00e8s le lui avoir d\u00e9j\u00e0 expos\u00e9 au dernier sommet de la Francophonie en octobre 2012, \u00e0 Kinshasa.  Lattaque de la repr\u00e9sentation congolaise \u00e0 Paris na pas \u00e9t\u00e9 revendiqu\u00e9e et la police fran\u00e7aise a ouvert une enqu\u00eate apr\u00e8s la plainte contre X d\u00e9pos\u00e9e par Brazzaville. Congo : Hollande pas oppos\u00e9 au maintien de Sassou Nguesso  lasemaineafricaine-Congo France : Denis Sassou-Nguesso re\u00e7u par Fran\u00e7ois Hollande \u00e0 lElys\u00e9e \u00c2g\u00e9 de 72 ans, M. Sassou, qui cumule plus de 30 ans \u00e0 la t\u00eate de la R\u00e9publique du Congo, a convoqu\u00e9 un dialogue national du 11 au 15 juillet pour discuter de lorganisation des futures \u00e9lections et de lavenir des institutions du pays. <img decoding=\"async\" src=\"http:\/\/lavieeco.com\/wp-content\/uploads\/2015\/10\/mohamed-6-hollande-2012-05-24.jpg\" alt=\"rencontre hollande sassou nguesso\" align=\"center\"> Alors que la Force publique est aux trousses des citoyens r\u00e9fractaires au port obligatoire du masque, une vid\u00e9o montrant un homme en treillis.. Ce qui peut poser probl\u00e8me, par contre, cest la dur\u00e9e excessive de lexercice du pouvoir. Question : Que pensez-vous des chefs d\u00c9tat qui cherchent \u00e0 faire modifier les Constitutions pour briguer de nouveaux mandats? Ce nest pas une bonne m\u00e9thode et cest de plus en plus difficilement accept\u00e9 par les peuples, sur tous les continents. Question : Le dites-vous explicitement aux chefs d\u00c9tat concern\u00e9s?Oui. Question : Au pr\u00e9sident Compaor\u00e9 du Burkina, par exemple? Cela a \u00e9t\u00e9 dit au pr\u00e9sident Blaise Compaor\u00e9 depuis longtemps. Je me souviens dune conversation t\u00e9l\u00e9phonique que jai eue avec lui en 2011, au cours de laquelle je lui ai dit de bien r\u00e9fl\u00e9chir avant de sengager dans cette direction. 2015 : Togo: refus par Faure Gnassingb\u00e9 de lapplication de lAccord Politique Global de 2006 avec limite 2 fois 5 ans pour la pr\u00e9sidentielle du 25 avril 2015 Pendant que les malheurs et la pauvret\u00e9 saccumulent sur 80 de la population congolaise Certaines fonctionnalit\u00e9s de ce site sappuient sur des services propos\u00e9s par des sites tiers. <img decoding=\"async\" src=\"http:\/\/www.togoactualite.com\/wp-content\/uploads\/2012\/05\/sarko_hollande_8mai2012.jpg\" alt=\"rencontre hollande sassou nguesso\" align=\"left\">  Sorry, you have been blocked You are unable to access cnews.fr Par Publi\u00e9 le Mis \u00e0 jour le 27 septembre 2018 \u00e0 12h48 acquis, estimant quil sagissait dune entorse au principe de Aucun des scandales que nous avons r\u00e9v\u00e9l\u00e9s na r\u00e9ussi \u00e0 susciter une prise de conscience g\u00e9n\u00e9rale. Gunvor, le Clan des Mapapa et Kaniki, Asperbras, Likouala SA, Banco Espirito Santo, Saint-Tropez, Etoka, Ayayos, Ecair etc, etc. Les montants des vols et des d\u00e9tournements samplifiaient sans quune r\u00e9action collective ne samorce. Il faut reconna\u00eetre que tr\u00e8s rares, parmi les politiques, sont ceux qui pouvaient oser sexprimer et sattaquer ouvertement \u00e0 la corruption. Bon nombre, quasiment tous, dune mani\u00e8re ou dune autre, auraient b\u00e9n\u00e9fici\u00e9 de faveurs ou de quelques miettes accord\u00e9es par le tyran. Nombreux sont les opposants entretenus par le pouvoir, lorsque dautres, anciens ministres et pure produit du tyran sopposent aujourdhui \u00e0 la dictature quils ont contribu\u00e9 \u00e0 installer!<\/p>\n","protected":false},"excerpt":{"rendered":"<p>rencontre hollande sassou nguesso<\/p>\n","protected":false},"author":1,"featured_media":0,"comment_status":"closed","ping_status":"closed","sticky":false,"template":"","format":"standard","meta":{"footnotes":""},"categories":[1],"tags":[],"_links":{"self":[{"href":"https:\/\/dig-stuttgart.de\/info\/wp-json\/wp\/v2\/posts\/6230"}],"collection":[{"href":"https:\/\/dig-stuttgart.de\/info\/wp-json\/wp\/v2\/posts"}],"about":[{"href":"https:\/\/dig-stuttgart.de\/info\/wp-json\/wp\/v2\/types\/post"}],"author":[{"embeddable":true,"href":"https:\/\/dig-stuttgart.de\/info\/wp-json\/wp\/v2\/users\/1"}],"replies":[{"embeddable":true,"href":"https:\/\/dig-stuttgart.de\/info\/wp-json\/wp\/v2\/comments?post=6230"}],"version-history":[{"count":1,"href":"https:\/\/dig-stuttgart.de\/info\/wp-json\/wp\/v2\/posts\/6230\/revisions"}],"predecessor-version":[{"id":6231,"href":"https:\/\/dig-stuttgart.de\/info\/wp-json\/wp\/v2\/posts\/6230\/revisions\/6231"}],"wp:attachment":[{"href":"https:\/\/dig-stuttgart.de\/info\/wp-json\/wp\/v2\/media?parent=6230"}],"wp:term":[{"taxonomy":"category","embeddable":true,"href":"https:\/\/dig-stuttgart.de\/info\/wp-json\/wp\/v2\/categories?post=6230"},{"taxonomy":"post_tag","embeddable":true,"href":"https:\/\/dig-stuttgart.de\/info\/wp-json\/wp\/v2\/tags?post=6230"}],"curies":[{"name":"wp","href":"https:\/\/api.w.org\/{rel}","templated":true}]}}