{"id":6262,"date":"2020-07-05T09:53:34","date_gmt":"2020-07-05T09:53:34","guid":{"rendered":"http:\/\/dig-stuttgart.de\/info\/?p=6262"},"modified":"2020-06-28T01:03:00","modified_gmt":"2020-06-28T01:03:00","slug":"femme-epernay","status":"publish","type":"post","link":"https:\/\/dig-stuttgart.de\/info\/2020\/07\/05\/femme-epernay\/","title":{"rendered":"Femme Epernay"},"content":{"rendered":"<p><img decoding=\"async\" src=\"http:\/\/medias.lequipe.fr\/img-photo-jpg\/-\/1500000000542595\/0:120,2048:1153-624-416-75\/80f08.jpg\" alt=\"femme epernay\" align=\"right\"> Plus aucune occasion de vous faire plaisir ne vous \u00e9chappera!  Vienne Plan cul annonce. Plan cul villeneuve sur lot. Aixoise plan cul. Ermont Site de rencontre sexe Plan cul a grisolles 82 Eaubonne Plan cul annonce Rencontres coquines region Plan cul a guingamp Le Havre Femme pour plans cul Voisine cherche sexe Femme voil\u00e9e cherche homme pour sex Bussy-Saint-Georges Rencontres adultes Www annonce rencontre adultes Anne sophie lille plan cul Sexe rencontre femme Cr\u00e9teil Villeparisis Annonce de plan cul. Annonce sexe gratuit oyonnax. <img decoding=\"async\" src=\"http:\/\/en.ot-epernay.com\/sites\/otepernay\/files\/gastronomie2_redim.jpg\" alt=\"femme epernay\" align=\"center\"> 3. A venir : Coaching PREMIUM sur UN AN pour s\u00e9panouir sur tous les plans de son \u00eatre physique, \u00e9nerg\u00e9tique, mental, \u00e9motionnel et spirituel Le programme sarticule autour de techniques avanc\u00e9es du Yoga, des techniques de th\u00e9rapies br\u00e8ves et des protocoles les plus innovants sur l\u00e9panouissement personnel Groupe de 15 personnes maximum.  Partager les \u00e9motions, les ressentis, le bonheur et le malheur-Cheveux : Brun fonc\u00e9-155 cm-Statut civil: S\u00e9par\u00e9-Silhouette : Envelopp\u00e9 Je mappelle Elodie, jai 22ans, je ne recherche rien de s\u00e9rieux pour linstant. Juste boire un verre, sortir, samuser. Je suis de Epernay pr\u00e8s de Reims. Le coordinateur technique Alexis Rouquette dresse un bilan flatteur des r\u00e9sultats seniors dans leur ensemble et de ceux de l\u00e9cole de foot ayant suivi une profonde restructuration en ad\u00e9quation avec le projet. Annonce : Je ne suis ni pervers, ni mytho, et je ne recherche pas ma moiti\u00e9 ici..discussions respectueuses et cool,.je suis h\u00e9t\u00e9ro, c\u00e9libataire et sans enfants..Jaime la vie et ce quelle mapporte, ainsi que les personnes positives..Peut-\u00eatre \u00e0 bient\u00f4t ; Annonce : Recherche une relation s\u00e9rieux bas\u00e9e sur la confiance je suis veuf et recherche une compagne tres serieuse Annonce : commercial r\u00e9guli\u00e8rement sur les route de France cherche un petit r\u00e9seau sympa pour \u00e9gayer mes long trajet Annonce : jaimerais rencontr\u00e9 un homme vivant qui aime les choses simple.. Fid\u00e8le, sens de lhumour, sociable, attentionn\u00e9 et s\u00e9rieuse dans sa d\u00e9marche.. Je me charge seule de mon appartement, et de mes courses.  Cest le responsable du CHRS qui doit se prononcer sur la d\u00e9cision dadmission dune personne en fonction notamment des capacit\u00e9s du centre, de la cat\u00e9gorie de population quil est habilit\u00e9 \u00e0 recevoir et des activit\u00e9s dinsertion propos\u00e9es. <img decoding=\"async\" src=\"http:\/\/lecloscorbier.fr\/wp-content\/gallery\/mygallery-2\/20150702_MKB_8974-ilovechampagne-mareuil-sur-ay.jpg\" alt=\"femme epernay\" align=\"right\"> Je naccepte pas les faux profils, les annonces sans photos, et les personnes non s\u00e9rieuses doivent sil vous pla\u00eet sabstenir.<\/p>\n","protected":false},"excerpt":{"rendered":"<p>femme epernay<\/p>\n","protected":false},"author":1,"featured_media":0,"comment_status":"closed","ping_status":"closed","sticky":false,"template":"","format":"standard","meta":{"footnotes":""},"categories":[1],"tags":[],"_links":{"self":[{"href":"https:\/\/dig-stuttgart.de\/info\/wp-json\/wp\/v2\/posts\/6262"}],"collection":[{"href":"https:\/\/dig-stuttgart.de\/info\/wp-json\/wp\/v2\/posts"}],"about":[{"href":"https:\/\/dig-stuttgart.de\/info\/wp-json\/wp\/v2\/types\/post"}],"author":[{"embeddable":true,"href":"https:\/\/dig-stuttgart.de\/info\/wp-json\/wp\/v2\/users\/1"}],"replies":[{"embeddable":true,"href":"https:\/\/dig-stuttgart.de\/info\/wp-json\/wp\/v2\/comments?post=6262"}],"version-history":[{"count":1,"href":"https:\/\/dig-stuttgart.de\/info\/wp-json\/wp\/v2\/posts\/6262\/revisions"}],"predecessor-version":[{"id":6263,"href":"https:\/\/dig-stuttgart.de\/info\/wp-json\/wp\/v2\/posts\/6262\/revisions\/6263"}],"wp:attachment":[{"href":"https:\/\/dig-stuttgart.de\/info\/wp-json\/wp\/v2\/media?parent=6262"}],"wp:term":[{"taxonomy":"category","embeddable":true,"href":"https:\/\/dig-stuttgart.de\/info\/wp-json\/wp\/v2\/categories?post=6262"},{"taxonomy":"post_tag","embeddable":true,"href":"https:\/\/dig-stuttgart.de\/info\/wp-json\/wp\/v2\/tags?post=6262"}],"curies":[{"name":"wp","href":"https:\/\/api.w.org\/{rel}","templated":true}]}}