{"id":6272,"date":"2020-07-05T22:29:40","date_gmt":"2020-07-05T22:29:40","guid":{"rendered":"http:\/\/dig-stuttgart.de\/info\/?p=6272"},"modified":"2020-06-28T01:08:38","modified_gmt":"2020-06-28T01:08:38","slug":"rencontre-meisenthal","status":"publish","type":"post","link":"https:\/\/dig-stuttgart.de\/info\/2020\/07\/05\/rencontre-meisenthal\/","title":{"rendered":"Rencontre Meisenthal"},"content":{"rendered":"<p> 21-05-2014-R\u00e9sidences dans le cadre du Festival des Paysges Avant publication, chaque avis passe par notre syst\u00e8me de suivi automatis\u00e9 afin de contr\u00f4ler sil correspond \u00e0 nos crit\u00e8res de publication. Si le syst\u00e8me d\u00e9tecte un probl\u00e8me avec un avis, celui-ci est manuellement examin\u00e9 par notre \u00e9quipe de sp\u00e9cialistes de contenu, qui contr\u00f4le \u00e9galement tous les avis qui nous sont signal\u00e9s apr\u00e8s publication par notre communaut\u00e9. Les avis sont affich\u00e9s dans tous les classements chronologiquement. Contr\u00f4le des avis <img decoding=\"async\" src=\"http:\/\/www.info-culture.com\/images\/newsl\/File\/11-12\/2012\/anninfoculture.jpg\" alt=\"rencontre meisenthal\" align=\"center\"> Yves CHAUDOU\u00cbT doit Battre la campagne. Il d\u00e9cide donc de cr\u00e9er un objet qui ne peut pas rentrer dans la salle dexposition de La Cri\u00e9e : une table ronde, inspir\u00e9e par la l\u00e9gende des Chevaliers de la Table Ronde de 40 m\u00e8tres de diam\u00e8tre. Il la con\u00e7oit en 3 parties : le milieu est expos\u00e9 \u00e0 La Cri\u00e9e, les extr\u00e9mit\u00e9s en demi-lune \u00e0 lext\u00e9rieur de Rennes, Au bout du plongeoir \u00e0 Thorign\u00e9-Fouillard et au Th\u00e9\u00e2tre de Poche \u00e0 H\u00e9d\u00e9, Le public sapproprie la table gronde sur les diff\u00e9rents lieux dexposition. 30-04-2012-Rire ou pas, recettes de Karl Valentin Italo Zuffi, Ovni, 2004 Achat au Centre international dart verrier en 2010, Inv. : FNAC 10-1133 C\u00e9libataire et lib\u00e9r\u00e9e jai enfin trouv\u00e9 un site pour mamuser sans prise de t\u00eate Jadore. <img decoding=\"async\" src=\"http:\/\/www.ateliersouverts.net\/wp-content\/uploads\/2018\/03\/15cometes_web-600x991.jpg\" alt=\"rencontre meisenthal\" align=\"center\">  01-05-2012-Atelier th\u00e9\u00e2tre adulte ARToPIE : 1er Maisenthal 2012 : les textes sont disponibles sous ; dautres conditions peuvent sappliquer. Voyez les pour plus de d\u00e9tails, ainsi que les. En cas de r\u00e9utilisation des textes de cette page, voyez. 04-06-2010-Cirque, th\u00e9\u00e2tre et autres talents au socioculturel is listed as a site within the category HobbiesandRecreation La Grande Place se mobilise autour d Eveil des sens, manifestation ouverte \u00e0 tous. Le mus\u00e9e propose des activit\u00e9s accessibles aux personnes en situation de handicap et \u0153uvre en faveur de la mixit\u00e9 des publics. Gratuit pour les personnes en situation de handicap et leur accompagnant. T\u00e9l\u00e9charge notre application gratuite sur ton t\u00e9l\u00e9phone mobile : vide-greniers.org57-MoselleMeisenthal-57septembre Yves CHAUDOU\u00cbT pr\u00e9sente ses m\u00e9duses des grandes profondeurs <img decoding=\"async\" src=\"http:\/\/www.more.wfcrimewatch.com\/upload\/podcasts\/photos\/first\/593fe8fe665685.15670578_mini.gif\" alt=\"rencontre meisenthal\" align=\"right\"> Bitte informieren Sie sich vor Ihrem Besuch entweder im Fremdenverkehrsamt Pays de Bitche oder direkt am Ort. \u00c0 Dnipropetrovsk, Ukraine Du 4 au 12 septembre et du 18 au 26 septembre. Au fil des ann\u00e9es, Jean Paysant a r\u00e9guli\u00e8rement rencontr\u00e9, c\u00f4toy\u00e9 et \u00e9chang\u00e9 avec les acteurs de la verrerie : les cr\u00e9ateurs, les artisans et les gardiens de la m\u00e9moire locale Appartements Maison art et jardin 9.710 25 avis 28,rue du 19.char, 57620 Goetzenbruck 2.6 km  Structure publique cr\u00e9\u00e9e en 1992 sur le 1704-1969, le CIAV croise pratiques verri\u00e8res traditionnelles et questionnements contemporains. Compos\u00e9 dune \u00e9quipe de 15 salari\u00e9s, il poursuit plusieurs objectifs : Lassociation est compos\u00e9e de membres actifs int\u00e9gr\u00e9s sous d\u00e9cision de la commission.<\/p>\n","protected":false},"excerpt":{"rendered":"<p>rencontre meisenthal<\/p>\n","protected":false},"author":1,"featured_media":0,"comment_status":"closed","ping_status":"closed","sticky":false,"template":"","format":"standard","meta":{"footnotes":""},"categories":[1],"tags":[],"_links":{"self":[{"href":"https:\/\/dig-stuttgart.de\/info\/wp-json\/wp\/v2\/posts\/6272"}],"collection":[{"href":"https:\/\/dig-stuttgart.de\/info\/wp-json\/wp\/v2\/posts"}],"about":[{"href":"https:\/\/dig-stuttgart.de\/info\/wp-json\/wp\/v2\/types\/post"}],"author":[{"embeddable":true,"href":"https:\/\/dig-stuttgart.de\/info\/wp-json\/wp\/v2\/users\/1"}],"replies":[{"embeddable":true,"href":"https:\/\/dig-stuttgart.de\/info\/wp-json\/wp\/v2\/comments?post=6272"}],"version-history":[{"count":1,"href":"https:\/\/dig-stuttgart.de\/info\/wp-json\/wp\/v2\/posts\/6272\/revisions"}],"predecessor-version":[{"id":6273,"href":"https:\/\/dig-stuttgart.de\/info\/wp-json\/wp\/v2\/posts\/6272\/revisions\/6273"}],"wp:attachment":[{"href":"https:\/\/dig-stuttgart.de\/info\/wp-json\/wp\/v2\/media?parent=6272"}],"wp:term":[{"taxonomy":"category","embeddable":true,"href":"https:\/\/dig-stuttgart.de\/info\/wp-json\/wp\/v2\/categories?post=6272"},{"taxonomy":"post_tag","embeddable":true,"href":"https:\/\/dig-stuttgart.de\/info\/wp-json\/wp\/v2\/tags?post=6272"}],"curies":[{"name":"wp","href":"https:\/\/api.w.org\/{rel}","templated":true}]}}