{"id":6276,"date":"2020-07-05T11:28:31","date_gmt":"2020-07-05T11:28:31","guid":{"rendered":"http:\/\/dig-stuttgart.de\/info\/?p=6276"},"modified":"2020-06-28T01:14:29","modified_gmt":"2020-06-28T01:14:29","slug":"rencontre-du-9eme-art-aix","status":"publish","type":"post","link":"https:\/\/dig-stuttgart.de\/info\/2020\/07\/05\/rencontre-du-9eme-art-aix\/","title":{"rendered":"Rencontre Du 9eme Art Aix"},"content":{"rendered":"<p>Favoris Plong\u00e9e au coeur des canyons Annul\u00e9 jusqu\u00e0 nouvel ordre Impossible de partager les articles de votre blog par e-mail. News Les rencontres du 9e art dAix en Provence f\u00eatent leurs quinze ans avec deux mois de festival Vous pouvez utiliser ces balises et attributs HTML : a href title abbr title acronym title b blockquote cite cite code del datetime em i q cite strike strong 04 juin 2020 24 juillet 2020 Rhythms and Vibrations D\u00e9tails de l\u00e9v\u00e9nement Un forum sur la direction d\u00e9cole et le fonctionnement administratif. <img decoding=\"async\" src=\"http:\/\/marsenville.com\/wp-content\/plugins\/realia\/assets\/img\/96861c_c6350ffda8134167bbcfabfe585f3948-mv2.png\" alt=\"rencontre du 9eme art aix\" align=\"center\"> Ensuite, comme une blague potache, Serge Darpeix a propos\u00e9 \u00e0 quelques dessinateurs de travailler sur les coupes de cheveux improbables des joueurs de foot, sur le format de cartes Panini. Ainsi est n\u00e9 le Haircut Football Club. Mais, les r\u00e9seaux sociaux aidant, cest un v\u00e9ritable ph\u00e9nom\u00e8ne mondial qui sest cr\u00e9\u00e9 et les organisateurs du festival re\u00e7oivent maintenant tous les jours des propositions venant des quatre coins du monde, comme autant dillustrations de la cr\u00e9ativit\u00e9 dun village mondialis\u00e9 des illustrateurs, de la France \u00e0 la Chine, de lArgentine \u00e0 la Finlande.. Comme quoi, le football inspire, fussent les choix capillaires douteux des joueurs <img decoding=\"async\" src=\"http:\/\/www.web-provence.com\/photos\/manege2.jpg\" alt=\"rencontre du 9eme art aix\" align=\"left\">  La 9\u00e8me \u00e9dition se tiendra du 1er au 5 Mai 2014 Parc Jourdan-Centre Ville.. Pas moins de 80 photographies sign\u00e9es Michel Rawicki sont \u00e0 d\u00e9couvrir jusquau 17 juillet sur Pour \u00eatre inform\u00e9 des derniers articles, inscrivez vous : Et aussi : lart brut de Jean Leclercq et Daniel Johnston bouscule les h\u00e9ros de la BD, Jacques Ferrandez et son Chant du Monde dapr\u00e8s Jean Giono parcourent la r\u00e9gion en caravane, Alice Chemama alias installe \u00c9mile Zola dans latelier de son ami Paul Cezanne, tandis que les se retirent \u00e0 lAbbaye de Silvacane This website is using a security service to protect itself from online attacks. The action you just performed triggered the security solution. There are several actions that could trigger this block including submitting a certain word or phrase, a SQL command or malformed data. Recherches, questions, avis, impressions et commentaires, sur les albums, les livres et manuels pour la classe, les revues et magazines \u00e9ducatifs. Les sujets concernant lexploitation p\u00e9dagogique des ouvrages devront \u00eatre post\u00e9s dans les forums Les domaines dactivit\u00e9 \u00e0 l\u00e9cole \u00e9l\u00e9mentaire ou maternelle. Les sujets sur les ventes et dons de livres devront \u00eatre post\u00e9s dans les forums des petites annonces. Rencontres du 9\u00e8me art \u00e0 Aix-en-Provence : la BD hors-cadre Et parce que la bande dessin\u00e9e est en perp\u00e9tuel mouvement, les Plasticiens volants pr\u00e9sentent leurs marionnettes gonflables g\u00e9antes qui voltigeront au-dessus de vos t\u00eates pour vous plonger dans lunivers unique du th\u00e9\u00e2tre de rue dans le ciel.  Pour am\u00e9liorer la de larticle, merci de citer les \u00e0 travers lanalyse quen ont faite des sources secondaires indiqu\u00e9es par des.-Vendredi 25, dimanche 26 octobre, d\u00e9dicace : Festival Quai des Bulles-Saint-Malo <img decoding=\"async\" src=\"http:\/\/www.vasarely.net\/img\/presse\/vasa637.jpg\" alt=\"rencontre du 9eme art aix\" align=\"center\"> Woman with Weapons Les Rencontres du 9 e art dAix en Provence, le parcours de 10 expositions in\u00e9dites 11 d\u00e9cembre 2010 : Aix-en-Provence-Librairie Provence-14h \u00e0 18h-Atelier BD puis s\u00e9ance de d\u00e9dicaces  Jusquu 27 mai \u00e0 lOffice de Tourisme Rencontre avec les artistes samedi 21 avril \u00e0 11h30 et d\u00e8s 14h30 Con\u00e7oit les panneaux de lexposition et supervise la fabrication et linstallation Le week-end prochain constitue le temps fort des Rencontres du 9\u00e8me Art dAix-en-Provence qui se tiennent jusquau 28 mai. L\u00e9v\u00e9nement nest pas neutre pour l\u00e9conomie aixoise. Plus dinfos : La F\u0102ria de la mer \u0102 Palavas-les-Flots Sur le principe de la balade artistique, le festival se d\u00e9cline sur 1\u00e8 jours et 3 temps fort \u00e0 l\u00e9chelle de la M\u00e9tropole Aix-Marseille Provence : 5 parcours dart contemporain \u00e0 Marseille pendant le week-end douverture du 9 au 13 mai, un rendez-vous dart dans les villes de la M\u00e9tropole Ouest, et une cl\u00f4ture festive \u00e0 Aix-en-Provence le samedi 26 mai.<\/p>\n","protected":false},"excerpt":{"rendered":"<p>rencontre du 9eme art aix<\/p>\n","protected":false},"author":1,"featured_media":0,"comment_status":"closed","ping_status":"closed","sticky":false,"template":"","format":"standard","meta":{"footnotes":""},"categories":[1],"tags":[],"_links":{"self":[{"href":"https:\/\/dig-stuttgart.de\/info\/wp-json\/wp\/v2\/posts\/6276"}],"collection":[{"href":"https:\/\/dig-stuttgart.de\/info\/wp-json\/wp\/v2\/posts"}],"about":[{"href":"https:\/\/dig-stuttgart.de\/info\/wp-json\/wp\/v2\/types\/post"}],"author":[{"embeddable":true,"href":"https:\/\/dig-stuttgart.de\/info\/wp-json\/wp\/v2\/users\/1"}],"replies":[{"embeddable":true,"href":"https:\/\/dig-stuttgart.de\/info\/wp-json\/wp\/v2\/comments?post=6276"}],"version-history":[{"count":1,"href":"https:\/\/dig-stuttgart.de\/info\/wp-json\/wp\/v2\/posts\/6276\/revisions"}],"predecessor-version":[{"id":6277,"href":"https:\/\/dig-stuttgart.de\/info\/wp-json\/wp\/v2\/posts\/6276\/revisions\/6277"}],"wp:attachment":[{"href":"https:\/\/dig-stuttgart.de\/info\/wp-json\/wp\/v2\/media?parent=6276"}],"wp:term":[{"taxonomy":"category","embeddable":true,"href":"https:\/\/dig-stuttgart.de\/info\/wp-json\/wp\/v2\/categories?post=6276"},{"taxonomy":"post_tag","embeddable":true,"href":"https:\/\/dig-stuttgart.de\/info\/wp-json\/wp\/v2\/tags?post=6276"}],"curies":[{"name":"wp","href":"https:\/\/api.w.org\/{rel}","templated":true}]}}